{"id":11884,"date":"2026-04-03T23:11:23","date_gmt":"2026-04-03T23:11:23","guid":{"rendered":"https:\/\/www.newsrecorder.ro\/app\/2026\/04\/03\/bucuresti-design-festival-2026-implicarea-presedintiei-in-noul-proiect-creativ\/"},"modified":"2026-04-03T23:11:23","modified_gmt":"2026-04-03T23:11:23","slug":"bucuresti-design-festival-2026-implicarea-presedintiei-in-noul-proiect-creativ","status":"publish","type":"post","link":"https:\/\/www.newsrecorder.ro\/app\/2026\/04\/03\/bucuresti-design-festival-2026-implicarea-presedintiei-in-noul-proiect-creativ\/","title":{"rendered":"Bucure\u0219ti Design Festival 2026: Implicarea Pre\u0219edin\u021biei \u00een noul proiect creativ"},"content":{"rendered":"<p>Festivalul \u00ee\u0219i propune s\u0103 transforme creativitatea local\u0103 \u00eentr-un veritabil ambasador cultural, at\u00e2t pentru publicul din Rom\u00e2nia, c\u00e2t \u0219i pentru scena interna\u021bional\u0103. <strong>Prima expozi\u021bie va avea loc la Muzeul Na\u021bional Cotroceni, un loc emblematic pentru patrimoniul cultural na\u021bional, unde vizitatorii vor putea explora proiecte ce au promovat designul rom\u00e2nesc pe plan interna\u021bional.<\/strong><\/p>\n<p>Nicu\u0219or Dan, primarul Capitalei, a subliniat importan\u021ba acestui eveniment pentru scena creativ\u0103 din Rom\u00e2nia: \u201eBucharest Design Festival este esen\u021bial pentru modul \u00een care Bucure\u0219tiul \u00ee\u0219i define\u0219te identitatea cultural\u0103. Prin acordarea \u00cenaltului Patronaj, \u00eemi propun s\u0103 sprijin ini\u021biativele care promoveaz\u0103 talentul rom\u00e2nesc \u0219i care contribuie la cre\u0219terea vizibilit\u0103\u021bii Rom\u00e2niei pe plan interna\u021bional.\u201d<\/p>\n<p>Festivalul, organizat de Funda\u021bia THE INSTITUTE, va conecta comunit\u0103\u021bi creative, institu\u021bii culturale, universit\u0103\u021bi \u0219i antreprenori locali, desf\u0103\u0219ur\u00e2ndu-se \u00een peste 100 de spa\u021bii din Bucure\u0219ti.<\/p>\n<p>Acest eveniment va aduce \u00eempreun\u0103 <strong>profesioni\u0219ti din domeniile designului, artei, arhitecturii \u0219i altor industrii creative, al\u0103turi de organiza\u021bii publice \u0219i private, ambasade \u0219i centre culturale str\u0103ine<\/strong>. Conceptul festivalului este creat ca o platform\u0103 deschis\u0103, \u00een care designul serve\u0219te drept limbaj comun \u00eentre ora\u0219 \u0219i comunitate.<\/p>\n<p>Expozi\u021bia de debut, intitulat\u0103 \u201eBDF Highlights: Branding Romania Through Creativity\u201d, va eviden\u021bia creatori \u0219i proiecte semnificative care au contribuit la promovarea imaginii Rom\u00e2niei \u00een lume.<\/p>\n<p>G\u0103zduirea festivalului de c\u0103tre Administra\u021bia Preziden\u021bial\u0103 este perceput\u0103 ca un semnal puternic de sus\u021binere institu\u021bional\u0103 pentru sectorul creativ, subliniind poten\u021bialul acestuia de a construi un brand de \u021bar\u0103 coerent.<\/p>\n<p><strong>Bucharest Design Festival va integra proiecte deja consacrate ale funda\u021biei, precum Romanian Design Week, DIPLOMA Show \u0219i Cartierul Creativ<\/strong>, dar va include \u0219i noi formate ce exploreaz\u0103 leg\u0103tura dintre design, ora\u0219 \u0219i comunitate.<\/p>\n<p>Ini\u021biatorii festivalului subliniaz\u0103 c\u0103 acesta r\u0103spunde nevoii de a conecta ini\u021biativele creative ale Capitalei \u00eentr-un cadru comun, oferind mai mult\u0103 vizibilitate \u0219i coeren\u021b\u0103 acestui sector dinamic.<\/p>\n<p><strong>\u201eBucharest Design Festival \u00ee\u0219i are originile \u00een energia creativ\u0103 a Bucure\u0219tiului, dar are o viziune extins\u0103, privind modul \u00een care designul rom\u00e2nesc poate deveni un instrument pentru construirea identit\u0103\u021bii na\u021bionale \u0219i conectarea cu scena creativ\u0103 interna\u021bional\u0103. Prin acest eveniment, ne dorim s\u0103 aducem designul mai aproape de publicul larg \u0219i s\u0103 eviden\u021biem rolul industriilor creative ca resurs\u0103 strategic\u0103 pentru imaginea, modernizarea \u0219i dezvoltarea Rom\u00e2niei. Acordarea \u00cenaltului Patronaj al Pre\u0219edintelui confirm\u0103 c\u0103 aceast\u0103 viziune este recunoscut\u0103 \u0219i la nivel institu\u021bional\u201d, a declarat Andrei Bor\u021bun.<\/strong><\/p>\n<p>Festivalul promite s\u0103 transforme Bucure\u0219tiul, pe parcursul unei luni, \u00eentr-un loc de \u00eent\u00e2lnire pentru creativitate, idei \u0219i colabor\u0103ri interna\u021bionale, av\u00e2nd designul \u00een centrul vie\u021bii urbane.<\/p>\n","protected":false},"excerpt":{"rendered":"<p>Festivalul \u00ee\u0219i propune s\u0103 transforme creativitatea local\u0103 \u00eentr-un veritabil ambasador cultural, at\u00e2t pentru publicul din Rom\u00e2nia, c\u00e2t \u0219i pentru scena interna\u021bional\u0103. Prima expozi\u021bie va avea loc la Muzeul Na\u021bional Cotroceni, un loc emblematic pentru patrimoniul cultural na\u021bional, unde vizitatorii vor putea explora proiecte ce au promovat designul rom\u00e2nesc pe plan interna\u021bional. Nicu\u0219or Dan, primarul Capitalei, [&hellip;]<\/p>\n","protected":false},"author":7,"featured_media":11885,"comment_status":"open","ping_status":"open","sticky":false,"template":"","format":"standard","meta":{"jnews-multi-image_gallery":[],"jnews_single_post":[],"jnews_primary_category":[],"jnews_override_counter":[],"footnotes":""},"categories":[43],"tags":[14779,362,14540,338,14539,245,1009,14780],"class_list":["post-11884","post","type-post","status-publish","format-standard","has-post-thumbnail","hentry","category-cultura","tag-ambasador-cultural","tag-bucuresti","tag-comunitati-creative","tag-creativitate","tag-design-romanesc","tag-festival","tag-patrimoniu-cultural","tag-the-institute"],"_links":{"self":[{"href":"https:\/\/www.newsrecorder.ro\/app\/wp-json\/wp\/v2\/posts\/11884","targetHints":{"allow":["GET"]}}],"collection":[{"href":"https:\/\/www.newsrecorder.ro\/app\/wp-json\/wp\/v2\/posts"}],"about":[{"href":"https:\/\/www.newsrecorder.ro\/app\/wp-json\/wp\/v2\/types\/post"}],"author":[{"embeddable":true,"href":"https:\/\/www.newsrecorder.ro\/app\/wp-json\/wp\/v2\/users\/7"}],"replies":[{"embeddable":true,"href":"https:\/\/www.newsrecorder.ro\/app\/wp-json\/wp\/v2\/comments?post=11884"}],"version-history":[{"count":0,"href":"https:\/\/www.newsrecorder.ro\/app\/wp-json\/wp\/v2\/posts\/11884\/revisions"}],"wp:featuredmedia":[{"embeddable":true,"href":"https:\/\/www.newsrecorder.ro\/app\/wp-json\/wp\/v2\/media\/11885"}],"wp:attachment":[{"href":"https:\/\/www.newsrecorder.ro\/app\/wp-json\/wp\/v2\/media?parent=11884"}],"wp:term":[{"taxonomy":"category","embeddable":true,"href":"https:\/\/www.newsrecorder.ro\/app\/wp-json\/wp\/v2\/categories?post=11884"},{"taxonomy":"post_tag","embeddable":true,"href":"https:\/\/www.newsrecorder.ro\/app\/wp-json\/wp\/v2\/tags?post=11884"}],"curies":[{"name":"wp","href":"https:\/\/api.w.org\/{rel}","templated":true}]}}