{"id":11888,"date":"2026-04-03T23:12:03","date_gmt":"2026-04-03T23:12:03","guid":{"rendered":"https:\/\/www.newsrecorder.ro\/app\/2026\/04\/03\/coiful-de-la-cotofenesti-si-bratarile-dacice-un-nou-tezaur-romanesc\/"},"modified":"2026-04-03T23:12:03","modified_gmt":"2026-04-03T23:12:03","slug":"coiful-de-la-cotofenesti-si-bratarile-dacice-un-nou-tezaur-romanesc","status":"publish","type":"post","link":"https:\/\/www.newsrecorder.ro\/app\/2026\/04\/03\/coiful-de-la-cotofenesti-si-bratarile-dacice-un-nou-tezaur-romanesc\/","title":{"rendered":"Coiful de la Co\u021bofene\u0219ti \u0219i br\u0103\u021b\u0103rile dacice, un nou tezaur rom\u00e2nesc!"},"content":{"rendered":"<p>Ast\u0103zi, 2 aprilie 2026, muzeul din Drents a fost martorul unei ceremonii importante, \u00een care autorit\u0103\u021bile judiciare neerlandeze au predat Rom\u00e2niei obiecte de patrimoniu recuperate, printre care se num\u0103r\u0103 renumitul Coif de la Co\u021bofene\u0219ti \u0219i dou\u0103 dintre cele trei br\u0103\u021b\u0103ri dacice de aur. Aceast\u0103 informa\u021bie a fost confirmat\u0103 printr-un comunicat al Parchetului de pe l\u00e2ng\u0103 \u00cenalta Curte de Casa\u021bie \u0219i Justi\u021bie.<\/p>\n<p>Evenimentul de predare a avut loc chiar \u00een incinta muzeului din Drents \u0219i a reunit oficialit\u0103\u021bi de v\u00e2rf, printre care procurorul-\u0219ef al Parchetului Olandei de Nord, liderul echipei rom\u00e2ne de anchet\u0103 din cadrul PICCJ \u0219i reprezentantul Rom\u00e2niei la Eurojust.<\/p>\n<p>Comunicatul subliniaz\u0103 c\u0103 \u201ereu\u0219ita \u00een aceast\u0103 cauz\u0103 este un exemplu de bune practici \u00een cooperarea judiciar\u0103 interna\u021bional\u0103, eviden\u021biind impactul semnificativ al partenerilor str\u0103ini, ale c\u0103ror interven\u021bii strategice au facilitat identificarea \u0219i recuperarea acestor bunuri inestimabile\u201d.<\/p>\n<p>Este important de men\u021bionat c\u0103 artefactele au fost sustrase \u00een luna ianuarie a anului trecut, dup\u0103 ce au fost expuse \u00een cadrul expozi\u021biei \u201eDacia! Regatul aurului \u0219i argintului\u201d la Muzeul Drents.<\/p>\n","protected":false},"excerpt":{"rendered":"<p>Ast\u0103zi, 2 aprilie 2026, muzeul din Drents a fost martorul unei ceremonii importante, \u00een care autorit\u0103\u021bile judiciare neerlandeze au predat Rom\u00e2niei obiecte de patrimoniu recuperate, printre care se num\u0103r\u0103 renumitul Coif de la Co\u021bofene\u0219ti \u0219i dou\u0103 dintre cele trei br\u0103\u021b\u0103ri dacice de aur. Aceast\u0103 informa\u021bie a fost confirmat\u0103 printr-un comunicat al Parchetului de pe l\u00e2ng\u0103 [&hellip;]<\/p>\n","protected":false},"author":7,"featured_media":11889,"comment_status":"open","ping_status":"open","sticky":false,"template":"","format":"standard","meta":{"jnews-multi-image_gallery":[],"jnews_single_post":[],"jnews_primary_category":[],"jnews_override_counter":[],"footnotes":""},"categories":[43],"tags":[14542,14544,465,1319,5805,1014,1740,585],"class_list":["post-11888","post","type-post","status-publish","format-standard","has-post-thumbnail","hentry","category-cultura","tag-bratari-dacice","tag-coif","tag-cooperare-internationala","tag-justitie","tag-muzeu","tag-olanda","tag-patrimoniu","tag-recuperare"],"_links":{"self":[{"href":"https:\/\/www.newsrecorder.ro\/app\/wp-json\/wp\/v2\/posts\/11888","targetHints":{"allow":["GET"]}}],"collection":[{"href":"https:\/\/www.newsrecorder.ro\/app\/wp-json\/wp\/v2\/posts"}],"about":[{"href":"https:\/\/www.newsrecorder.ro\/app\/wp-json\/wp\/v2\/types\/post"}],"author":[{"embeddable":true,"href":"https:\/\/www.newsrecorder.ro\/app\/wp-json\/wp\/v2\/users\/7"}],"replies":[{"embeddable":true,"href":"https:\/\/www.newsrecorder.ro\/app\/wp-json\/wp\/v2\/comments?post=11888"}],"version-history":[{"count":0,"href":"https:\/\/www.newsrecorder.ro\/app\/wp-json\/wp\/v2\/posts\/11888\/revisions"}],"wp:featuredmedia":[{"embeddable":true,"href":"https:\/\/www.newsrecorder.ro\/app\/wp-json\/wp\/v2\/media\/11889"}],"wp:attachment":[{"href":"https:\/\/www.newsrecorder.ro\/app\/wp-json\/wp\/v2\/media?parent=11888"}],"wp:term":[{"taxonomy":"category","embeddable":true,"href":"https:\/\/www.newsrecorder.ro\/app\/wp-json\/wp\/v2\/categories?post=11888"},{"taxonomy":"post_tag","embeddable":true,"href":"https:\/\/www.newsrecorder.ro\/app\/wp-json\/wp\/v2\/tags?post=11888"}],"curies":[{"name":"wp","href":"https:\/\/api.w.org\/{rel}","templated":true}]}}