{"id":1189,"date":"2026-02-01T19:17:52","date_gmt":"2026-02-01T19:17:52","guid":{"rendered":"https:\/\/www.newsrecorder.ro\/app\/2026\/02\/01\/daniel-baluta-il-critica-pe-bolojan-gandire-empatica-nu-taieri\/"},"modified":"2026-02-01T19:17:52","modified_gmt":"2026-02-01T19:17:52","slug":"daniel-baluta-il-critica-pe-bolojan-gandire-empatica-nu-taieri","status":"publish","type":"post","link":"https:\/\/www.newsrecorder.ro\/app\/2026\/02\/01\/daniel-baluta-il-critica-pe-bolojan-gandire-empatica-nu-taieri\/","title":{"rendered":"Daniel B\u0103lu\u021b\u0103 \u00eel critic\u0103 pe Bolojan: &#8222;G\u00e2ndire empatic\u0103, nu t\u0103ieri!&#8221;"},"content":{"rendered":"<p>\u201eAm \u00eendeplinit obiectivul pe care Rom\u00e2nia \u0219i l-a stabilit anul trecut \u00een ceea ce prive\u0219te reducerea deficitului bugetar. Am reu\u0219it s\u0103 armoniz\u0103m lucrurile, \u00eens\u0103, din p\u0103cate, indiferent dac\u0103 domnul Bolojan \u00een\u021belege sau nu, rom\u00e2nii nu mai pot suporta aceast\u0103 stare de fapt\u201d, a declarat B\u0103lu\u021b\u0103 \u00eentr-un interviu acordat duminic\u0103 la Antena 3 CNN.<\/p>\n<p>Edilul a subliniat impactul negativ al m\u0103surilor economice, afirm\u00e2nd: \u201ePuterea de cump\u0103rare a sc\u0103zut, iar calitatea vie\u021bii cet\u0103\u021benilor a fost afectat\u0103. Este momentul s\u0103 propunem m\u0103suri compensatorii.\u201d<\/p>\n<p>B\u0103lu\u021b\u0103 a continuat s\u0103 critice abordarea guvernamental\u0103, subliniind c\u0103, de\u0219i a fost necesar\u0103 respectarea anumitor parametri bugetari, acest stil de conducere trebuie s\u0103 se schimbe: \u201eNoi guvern\u0103m pentru oameni, iar domnul Bolojan ar trebui s\u0103 g\u00e2ndeasc\u0103 cu empatie \u0219i ra\u021biune.\u201d<\/p>\n<p>Primarul a eviden\u021biat lipsa de echilibru \u00een m\u0103surile adoptate de Guvern, spun\u00e2nd: \u201eD\u00e2nsul este specializat \u00een t\u0103ieri. A t\u0103iat din toate domeniile unde a putut, f\u0103r\u0103 a propune m\u0103suri compensatorii.\u201d<\/p>\n<p>\u00cen plus, B\u0103lu\u021b\u0103 a criticat \u00eent\u00e2rzierile \u00een adoptarea bugetului pentru 2026, subliniind: \u201eTrebuie s\u0103 ne concentr\u0103m pe adoptarea bugetului Rom\u00e2niei pe anul 2026. Este ridicol s\u0103 ne afl\u0103m \u00een luna februarie \u0219i s\u0103 nu fi realizat acest lucru.\u201d<\/p>\n","protected":false},"excerpt":{"rendered":"<p>\u201eAm \u00eendeplinit obiectivul pe care Rom\u00e2nia \u0219i l-a stabilit anul trecut \u00een ceea ce prive\u0219te reducerea deficitului bugetar. Am reu\u0219it s\u0103 armoniz\u0103m lucrurile, \u00eens\u0103, din p\u0103cate, indiferent dac\u0103 domnul Bolojan \u00een\u021belege sau nu, rom\u00e2nii nu mai pot suporta aceast\u0103 stare de fapt\u201d, a declarat B\u0103lu\u021b\u0103 \u00eentr-un interviu acordat duminic\u0103 la Antena 3 CNN. Edilul a [&hellip;]<\/p>\n","protected":false},"author":2,"featured_media":1190,"comment_status":"open","ping_status":"open","sticky":false,"template":"","format":"standard","meta":{"jnews-multi-image_gallery":[],"jnews_single_post":[],"jnews_primary_category":[],"jnews_override_counter":[],"footnotes":""},"categories":[42],"tags":[2142,2140,298,205,2143,2141,2138,2139],"class_list":["post-1189","post","type-post","status-publish","format-standard","has-post-thumbnail","hentry","category-politica","tag-abordare-guvernamentala","tag-calitatea-vietii","tag-deficit-bugetar","tag-echilibru","tag-empatie","tag-masuri-compensatorii","tag-masuri-economice","tag-puterea-de-cumparare"],"_links":{"self":[{"href":"https:\/\/www.newsrecorder.ro\/app\/wp-json\/wp\/v2\/posts\/1189","targetHints":{"allow":["GET"]}}],"collection":[{"href":"https:\/\/www.newsrecorder.ro\/app\/wp-json\/wp\/v2\/posts"}],"about":[{"href":"https:\/\/www.newsrecorder.ro\/app\/wp-json\/wp\/v2\/types\/post"}],"author":[{"embeddable":true,"href":"https:\/\/www.newsrecorder.ro\/app\/wp-json\/wp\/v2\/users\/2"}],"replies":[{"embeddable":true,"href":"https:\/\/www.newsrecorder.ro\/app\/wp-json\/wp\/v2\/comments?post=1189"}],"version-history":[{"count":0,"href":"https:\/\/www.newsrecorder.ro\/app\/wp-json\/wp\/v2\/posts\/1189\/revisions"}],"wp:featuredmedia":[{"embeddable":true,"href":"https:\/\/www.newsrecorder.ro\/app\/wp-json\/wp\/v2\/media\/1190"}],"wp:attachment":[{"href":"https:\/\/www.newsrecorder.ro\/app\/wp-json\/wp\/v2\/media?parent=1189"}],"wp:term":[{"taxonomy":"category","embeddable":true,"href":"https:\/\/www.newsrecorder.ro\/app\/wp-json\/wp\/v2\/categories?post=1189"},{"taxonomy":"post_tag","embeddable":true,"href":"https:\/\/www.newsrecorder.ro\/app\/wp-json\/wp\/v2\/tags?post=1189"}],"curies":[{"name":"wp","href":"https:\/\/api.w.org\/{rel}","templated":true}]}}