{"id":11898,"date":"2026-04-03T23:13:39","date_gmt":"2026-04-03T23:13:39","guid":{"rendered":"https:\/\/www.newsrecorder.ro\/app\/2026\/04\/03\/iran-revendica-doborarea-unui-avion-militar-american-trump-ramane-tacut\/"},"modified":"2026-04-03T23:13:39","modified_gmt":"2026-04-03T23:13:39","slug":"iran-revendica-doborarea-unui-avion-militar-american-trump-ramane-tacut","status":"publish","type":"post","link":"https:\/\/www.newsrecorder.ro\/app\/2026\/04\/03\/iran-revendica-doborarea-unui-avion-militar-american-trump-ramane-tacut\/","title":{"rendered":"Iran revendic\u0103 dobor\u00e2rea unui avion militar american, Trump r\u0103m\u00e2ne t\u0103cut"},"content":{"rendered":"<p>\u00centr-un context interna\u021bional delicat, pre\u0219edintele american Donald Trump nu va sus\u021bine nicio conferin\u021b\u0103 de pres\u0103 pe parcursul zilei, conform anun\u021bului f\u0103cut de Casa Alb\u0103. Aceast\u0103 decizie survine \u00een urma incidentelor recente din Iran, unde opera\u021biunile de salvare sunt \u00een plin\u0103 desf\u0103\u0219urare dup\u0103 dobor\u00e2rea unui avion de lupt\u0103 american, model <a href=\"https:\/\/www.mediafax.ro\/stirile-zilei\/iran-anunta-doborarea-unui-avion-militar-american-dupa-prabusirea-unei-alte-aeronave-23714844\">F-15<\/a>, conform informa\u021biilor raportate de <a href=\"https:\/\/news.sky.com\/story\/iran-war-latest-trump-tehran-us-israel-kharg-island-netanyahu-lebanon-strikes-drone-live-sky-news-13509565#11457812\">news.sky.com<\/a>.<\/p>\n<p>Decizia de a nu comunica cu presa a fost luat\u0103 mai devreme dec\u00e2t se obi\u0219nuie\u0219te \u00een mod normal \u00een ceea ce prive\u0219te agenda preziden\u021bial\u0103, reflect\u00e2nd gravitatea situa\u021biei create de acest incident militar.<\/p>\n<h2>\u0218TIREA INI\u021aIAL\u0102<\/h2>\n<p>Autorit\u0103\u021bile din Iran au declarat c\u0103 au dobor\u00e2t un avion militar american de tip A-10 \u00een apropierea Str\u00e2mtorii Ormuz, conform agen\u021biei de pres\u0103 Tasnim, citat\u0103 de Al Jazeera.<\/p>\n<p>Conform for\u021belor armate iraniene, aeronava a fost interceptat\u0103 \u00een apele sudice ale str\u00e2mtorii, iar acest incident intervine dup\u0103 ce un alt avion de lupt\u0103 american a fost <a style=\"color: #0000ff\" href=\"https:\/\/www.mediafax.ro\/stirile-zilei\/un-avion-de-vanatoare-american-a-fost-doborat-deasupra-iranului-23714731\">dobor\u00e2t<\/a> deasupra teritoriului iranian.<\/p>\n<p>\u00cen urma incidentului, unul dintre membrii echipajului avionului de lupt\u0103 american dobor\u00e2t a fost recuperat de for\u021bele SUA, iar opera\u021biunile de c\u0103utare \u0219i salvare continu\u0103 pentru cel de-al doilea pilot, care este \u00een continuare disp\u0103rut.<\/p>\n","protected":false},"excerpt":{"rendered":"<p>\u00centr-un context interna\u021bional delicat, pre\u0219edintele american Donald Trump nu va sus\u021bine nicio conferin\u021b\u0103 de pres\u0103 pe parcursul zilei, conform anun\u021bului f\u0103cut de Casa Alb\u0103. Aceast\u0103 decizie survine \u00een urma incidentelor recente din Iran, unde opera\u021biunile de salvare sunt \u00een plin\u0103 desf\u0103\u0219urare dup\u0103 dobor\u00e2rea unui avion de lupt\u0103 american, model F-15, conform informa\u021biilor raportate de news.sky.com. [&hellip;]<\/p>\n","protected":false},"author":2,"featured_media":11899,"comment_status":"open","ping_status":"open","sticky":false,"template":"","format":"standard","meta":{"jnews-multi-image_gallery":[],"jnews_single_post":[],"jnews_primary_category":[],"jnews_override_counter":[],"footnotes":""},"categories":[41],"tags":[14791,6037,678,14789,913,14790,8772,1735],"class_list":["post-11898","post","type-post","status-publish","format-standard","has-post-thumbnail","hentry","category-externe","tag-agentie-de-presa","tag-avion-de-lupta","tag-conferinta-de-presa","tag-incident-militar","tag-iran","tag-operatiuni-de-salvare","tag-stramtoarea-ormuz","tag-trump"],"_links":{"self":[{"href":"https:\/\/www.newsrecorder.ro\/app\/wp-json\/wp\/v2\/posts\/11898","targetHints":{"allow":["GET"]}}],"collection":[{"href":"https:\/\/www.newsrecorder.ro\/app\/wp-json\/wp\/v2\/posts"}],"about":[{"href":"https:\/\/www.newsrecorder.ro\/app\/wp-json\/wp\/v2\/types\/post"}],"author":[{"embeddable":true,"href":"https:\/\/www.newsrecorder.ro\/app\/wp-json\/wp\/v2\/users\/2"}],"replies":[{"embeddable":true,"href":"https:\/\/www.newsrecorder.ro\/app\/wp-json\/wp\/v2\/comments?post=11898"}],"version-history":[{"count":0,"href":"https:\/\/www.newsrecorder.ro\/app\/wp-json\/wp\/v2\/posts\/11898\/revisions"}],"wp:featuredmedia":[{"embeddable":true,"href":"https:\/\/www.newsrecorder.ro\/app\/wp-json\/wp\/v2\/media\/11899"}],"wp:attachment":[{"href":"https:\/\/www.newsrecorder.ro\/app\/wp-json\/wp\/v2\/media?parent=11898"}],"wp:term":[{"taxonomy":"category","embeddable":true,"href":"https:\/\/www.newsrecorder.ro\/app\/wp-json\/wp\/v2\/categories?post=11898"},{"taxonomy":"post_tag","embeddable":true,"href":"https:\/\/www.newsrecorder.ro\/app\/wp-json\/wp\/v2\/tags?post=11898"}],"curies":[{"name":"wp","href":"https:\/\/api.w.org\/{rel}","templated":true}]}}