{"id":11908,"date":"2026-04-03T23:15:26","date_gmt":"2026-04-03T23:15:26","guid":{"rendered":"https:\/\/www.newsrecorder.ro\/app\/2026\/04\/03\/cuba-elibereaza-peste-2-000-de-detinuti-in-urma-relaxarii-blocadei\/"},"modified":"2026-04-03T23:15:26","modified_gmt":"2026-04-03T23:15:26","slug":"cuba-elibereaza-peste-2-000-de-detinuti-in-urma-relaxarii-blocadei","status":"publish","type":"post","link":"https:\/\/www.newsrecorder.ro\/app\/2026\/04\/03\/cuba-elibereaza-peste-2-000-de-detinuti-in-urma-relaxarii-blocadei\/","title":{"rendered":"Cuba elibereaz\u0103 peste 2.000 de de\u021binu\u021bi \u00een urma relax\u0103rii blocadei!"},"content":{"rendered":"<p>Decizia recent\u0103 a Guvernului cubanez a fost luat\u0103 la scurt timp dup\u0103 ce administra\u021bia Donald Trump a facilitat livrarea de \u021bi\u021bei din Rusia c\u0103tre Cuba, ceea ce a dus la o relaxare a blocadei de facto asupra aprovizion\u0103rii cu combustibil, blocad\u0103 instituit\u0103 la \u00eenceputul anului, conform agen\u021biei AFP.<\/p>\n<p>\u00cen ceea ce prive\u0219te eliberarea de\u021binu\u021bilor, autorit\u0103\u021bile cubaneze nu au oferit informa\u021bii precise despre identitatea celor gra\u021bia\u021bi sau despre infrac\u021biunile comise. Totu\u0219i, au subliniat c\u0103 selec\u021bia a fost realizat\u0103 pe baza unor criterii precum comportamentul \u00een deten\u021bie, starea de s\u0103n\u0103tate \u0219i perioada executat\u0103 din pedeaps\u0103.<\/p>\n<p>Este important de men\u021bionat c\u0103 de\u021binu\u021bii condamna\u021bi pentru infrac\u021biuni grave, cum ar fi crima, agresiunile sexuale sau traficul de droguri, nu vor beneficia de aceast\u0103 gra\u021biere. Aceasta face parte din politica Guvernului cubanez de a men\u021bine un control strict asupra situa\u021biei din \u00eenchisori.<\/p>\n<p>Eliberarea prizonierilor, inclusiv a celor politici, este o solicitare constant\u0103 din partea Statelor Unite \u00een rela\u021bia cu Havana. \u00cen ultimele s\u0103pt\u0103m\u00e2ni, au existat discu\u021bii \u00eentre cele dou\u0103 p\u0103r\u021bi, iar Cuba a promis anterior eliberarea unui num\u0103r mai mare de persoane, \u00eentr-un gest de bun\u0103voin\u021b\u0103 fa\u021b\u0103 de Vatican, care joac\u0103 rolul de mediator \u00een rela\u021biile dintre Statele Unite \u0219i Cuba.<\/p>\n<p>Pre\u0219edintele Trump a exprimat de mai multe ori inten\u021bia de a prelua controlul asupra insulei, iar Secretarul de Stat, Marco Rubio, a subliniat c\u0103 sistemul cubanez are nevoie de reforme fundamentale. \u201eNu po\u021bi repara economia dac\u0103 nu schimbi sistemul de guvernare\u201d, a declarat el, eviden\u021biind necesitatea unor schimb\u0103ri profunde \u00een Cuba.<\/p>\n","protected":false},"excerpt":{"rendered":"<p>Decizia recent\u0103 a Guvernului cubanez a fost luat\u0103 la scurt timp dup\u0103 ce administra\u021bia Donald Trump a facilitat livrarea de \u021bi\u021bei din Rusia c\u0103tre Cuba, ceea ce a dus la o relaxare a blocadei de facto asupra aprovizion\u0103rii cu combustibil, blocad\u0103 instituit\u0103 la \u00eenceputul anului, conform agen\u021biei AFP. \u00cen ceea ce prive\u0219te eliberarea de\u021binu\u021bilor, autorit\u0103\u021bile [&hellip;]<\/p>\n","protected":false},"author":2,"featured_media":11909,"comment_status":"open","ping_status":"open","sticky":false,"template":"","format":"standard","meta":{"jnews-multi-image_gallery":[],"jnews_single_post":[],"jnews_primary_category":[],"jnews_override_counter":[],"footnotes":""},"categories":[41],"tags":[10384,454,14803,4193,14802,14806,14805,14804],"class_list":["post-11908","post","type-post","status-publish","format-standard","has-post-thumbnail","hentry","category-externe","tag-blocada","tag-detentie","tag-eliberarea-detinutilor","tag-gratiere","tag-guvernul-cubanez","tag-infractiuni-grave","tag-politica-cubaneza","tag-titei-din-rusia"],"_links":{"self":[{"href":"https:\/\/www.newsrecorder.ro\/app\/wp-json\/wp\/v2\/posts\/11908","targetHints":{"allow":["GET"]}}],"collection":[{"href":"https:\/\/www.newsrecorder.ro\/app\/wp-json\/wp\/v2\/posts"}],"about":[{"href":"https:\/\/www.newsrecorder.ro\/app\/wp-json\/wp\/v2\/types\/post"}],"author":[{"embeddable":true,"href":"https:\/\/www.newsrecorder.ro\/app\/wp-json\/wp\/v2\/users\/2"}],"replies":[{"embeddable":true,"href":"https:\/\/www.newsrecorder.ro\/app\/wp-json\/wp\/v2\/comments?post=11908"}],"version-history":[{"count":0,"href":"https:\/\/www.newsrecorder.ro\/app\/wp-json\/wp\/v2\/posts\/11908\/revisions"}],"wp:featuredmedia":[{"embeddable":true,"href":"https:\/\/www.newsrecorder.ro\/app\/wp-json\/wp\/v2\/media\/11909"}],"wp:attachment":[{"href":"https:\/\/www.newsrecorder.ro\/app\/wp-json\/wp\/v2\/media?parent=11908"}],"wp:term":[{"taxonomy":"category","embeddable":true,"href":"https:\/\/www.newsrecorder.ro\/app\/wp-json\/wp\/v2\/categories?post=11908"},{"taxonomy":"post_tag","embeddable":true,"href":"https:\/\/www.newsrecorder.ro\/app\/wp-json\/wp\/v2\/tags?post=11908"}],"curies":[{"name":"wp","href":"https:\/\/api.w.org\/{rel}","templated":true}]}}