{"id":11926,"date":"2026-04-03T23:43:21","date_gmt":"2026-04-03T23:43:21","guid":{"rendered":"https:\/\/www.newsrecorder.ro\/app\/2026\/04\/03\/politist-arestat-pentru-viol-si-pornografie-infantila-victima-are-15-ani\/"},"modified":"2026-04-03T23:43:21","modified_gmt":"2026-04-03T23:43:21","slug":"politist-arestat-pentru-viol-si-pornografie-infantila-victima-are-15-ani","status":"publish","type":"post","link":"https:\/\/www.newsrecorder.ro\/app\/2026\/04\/03\/politist-arestat-pentru-viol-si-pornografie-infantila-victima-are-15-ani\/","title":{"rendered":"Poli\u021bist arestat pentru viol \u0219i pornografie infantil\u0103: Victima are 15 ani"},"content":{"rendered":"<p>Conform informa\u021biilor furnizate de DIICOT, un agent de poli\u021bie \u00een v\u00e2rst\u0103 de 22 de ani a fost re\u021binut vineri, \u00een urma unor cercet\u0103ri care au scos la iveal\u0103 fapte extrem de grave.<\/p>\n<p>Investigarea a relevat c\u0103, \u00eentre septembrie 2024 \u0219i mai 2025, inculpatul a \u00eentre\u021binut rela\u021bii sexuale repetate cu o victim\u0103 de doar 15 ani, av\u00e2nd cuno\u0219tin\u021b\u0103 despre v\u00e2rsta acesteia. Mai mult, acesta a realizat film\u0103ri cu victima \u00een situa\u021bii sexuale explicite.<\/p>\n<p>Imaginile ob\u021binute au fost stocate pe telefonul s\u0103u mobil, iar inculpatul a distribuit aceste materiale victimei, amplific\u00e2nd astfel gravitatea actelor sale.<\/p>\n<p>\u00cen data de vineri, cazul a fost \u00eenaintat judec\u0103torului de drepturi \u0219i libert\u0103\u021bi din cadrul Tribunalului Constan\u021ba, care a fost solicitat s\u0103 dispun\u0103 arestarea preventiv\u0103 a inculpatului pentru o perioad\u0103 de 30 de zile, av\u00e2nd \u00een vedere circumstan\u021bele alarmante ale situa\u021biei.<\/p>\n","protected":false},"excerpt":{"rendered":"<p>Conform informa\u021biilor furnizate de DIICOT, un agent de poli\u021bie \u00een v\u00e2rst\u0103 de 22 de ani a fost re\u021binut vineri, \u00een urma unor cercet\u0103ri care au scos la iveal\u0103 fapte extrem de grave. Investigarea a relevat c\u0103, \u00eentre septembrie 2024 \u0219i mai 2025, inculpatul a \u00eentre\u021binut rela\u021bii sexuale repetate cu o victim\u0103 de doar 15 ani, [&hellip;]<\/p>\n","protected":false},"author":2,"featured_media":11927,"comment_status":"open","ping_status":"open","sticky":false,"template":"","format":"standard","meta":{"jnews-multi-image_gallery":[],"jnews_single_post":[],"jnews_primary_category":[],"jnews_override_counter":[],"footnotes":""},"categories":[39],"tags":[557,2963,829,14832,505,1880,14833,14831],"class_list":["post-11926","post","type-post","status-publish","format-standard","has-post-thumbnail","hentry","category-stirile-zilei","tag-arestare","tag-cercetari","tag-diicot","tag-filmari-explicite","tag-politie","tag-relatii-sexuale","tag-tribunalul-constanta","tag-victima-minora"],"_links":{"self":[{"href":"https:\/\/www.newsrecorder.ro\/app\/wp-json\/wp\/v2\/posts\/11926","targetHints":{"allow":["GET"]}}],"collection":[{"href":"https:\/\/www.newsrecorder.ro\/app\/wp-json\/wp\/v2\/posts"}],"about":[{"href":"https:\/\/www.newsrecorder.ro\/app\/wp-json\/wp\/v2\/types\/post"}],"author":[{"embeddable":true,"href":"https:\/\/www.newsrecorder.ro\/app\/wp-json\/wp\/v2\/users\/2"}],"replies":[{"embeddable":true,"href":"https:\/\/www.newsrecorder.ro\/app\/wp-json\/wp\/v2\/comments?post=11926"}],"version-history":[{"count":0,"href":"https:\/\/www.newsrecorder.ro\/app\/wp-json\/wp\/v2\/posts\/11926\/revisions"}],"wp:featuredmedia":[{"embeddable":true,"href":"https:\/\/www.newsrecorder.ro\/app\/wp-json\/wp\/v2\/media\/11927"}],"wp:attachment":[{"href":"https:\/\/www.newsrecorder.ro\/app\/wp-json\/wp\/v2\/media?parent=11926"}],"wp:term":[{"taxonomy":"category","embeddable":true,"href":"https:\/\/www.newsrecorder.ro\/app\/wp-json\/wp\/v2\/categories?post=11926"},{"taxonomy":"post_tag","embeddable":true,"href":"https:\/\/www.newsrecorder.ro\/app\/wp-json\/wp\/v2\/tags?post=11926"}],"curies":[{"name":"wp","href":"https:\/\/api.w.org\/{rel}","templated":true}]}}