{"id":1195,"date":"2026-02-01T19:19:01","date_gmt":"2026-02-01T19:19:01","guid":{"rendered":"https:\/\/www.newsrecorder.ro\/app\/2026\/02\/01\/catalin-predoiu-reactia-surprinzatoare-la-interzicerea-retelelor-pentru-copii\/"},"modified":"2026-02-01T19:19:01","modified_gmt":"2026-02-01T19:19:01","slug":"catalin-predoiu-reactia-surprinzatoare-la-interzicerea-retelelor-pentru-copii","status":"publish","type":"post","link":"https:\/\/www.newsrecorder.ro\/app\/2026\/02\/01\/catalin-predoiu-reactia-surprinzatoare-la-interzicerea-retelelor-pentru-copii\/","title":{"rendered":"C\u0103t\u0103lin Predoiu: Reac\u021bia surprinz\u0103toare la interzicerea re\u021belelor pentru copii"},"content":{"rendered":"<p>C\u0103t\u0103lin Predoiu, ministrul de Interne, a r\u0103spuns duminic\u0103 la <a style=\"color: #0000ff\" href=\"https:\/\/www.mediafax.ro\/social\/arafat-cere-initierea-unui-cadru-legislativ-care-sa-limiteze-accesul-copiilor-si-adolescentilor-la-retelele-de-socializare-23679539\" target=\"_blank\" rel=\"noopener\">propunerea<\/a> avansat\u0103 de Raed Arafat, care vizeaz\u0103 limitarea accesului copiilor la re\u021belele de socializare. Predoiu a subliniat c\u0103 perspectiva sa este cea de avocat, senator \u0219i membru al unui partid politic, men\u021bion\u00e2nd c\u0103 Ministerul de Interne nu are competen\u021ba de a stabili limite legale \u00een privin\u021ba libert\u0103\u021bii de exprimare sau a accesului la informa\u021bie, ci trebuie s\u0103 aplice legisla\u021bia \u00een vigoare aprobat\u0103 de Parlament.<\/p>\n<p>\u00cen ceea ce prive\u0219te propunerile de interdic\u021bii, Predoiu a afirmat clar: \u201eNu sunt pentru interdic\u021bii.\u201d<\/p>\n<p>\u201e\u00cen principiu, nu sunt de acord cu interdic\u021biile, chiar \u0219i \u00een cazul accesului minorilor la con\u021binut online. Aceste m\u0103suri nu rezolv\u0103 adev\u0103rata problem\u0103, care este educa\u021bia moral\u0103. De asemenea, implementarea unor restric\u021bii este extrem de dificil\u0103 cu mijloacele actuale. Re\u021belele sociale pot oferi beneficii importante, precum stimularea creativit\u0103\u021bii \u0219i men\u021binerea leg\u0103turii cu al\u021bi copii. \u00cen plus, multe activit\u0103\u021bi \u0219colare \u0219i extracurriculare depind de utilizarea internetului. Cum ai putea s\u0103 \u00eempiedici to\u021bi copiii s\u0103 acceseze anumite platforme? Este o sarcin\u0103 imposibil\u0103. Interdic\u021biile totale nu fac dec\u00e2t s\u0103 genereze frustrare \u0219i curiozitate excesiv\u0103, ceea ce poate duce copiii s\u0103 utilizeze aceste platforme pe ascuns, f\u0103r\u0103 nicio \u00eendrumare sau protec\u021bie\u201d, a explicat Predoiu pe re\u021belele sociale.<\/p>\n<p>El a subliniat c\u0103 solu\u021bia real\u0103 const\u0103 \u00een formarea unei educa\u021bii solide \u0219i responsabile, deoarece libertatea f\u0103r\u0103 educa\u021bie poate fi la fel de periculoas\u0103. Predoiu a accentuat importan\u021ba educa\u021biei sociale \u0219i digitale, eviden\u021biind necesitatea ca programa \u0219colar\u0103 s\u0103 includ\u0103 cursuri care s\u0103 abordeze valorile etice \u0219i riscurile asociate cu mediul online.<\/p>\n<p>\u201eCopiii trebuie s\u0103 fie \u00eenv\u0103\u021ba\u021bi s\u0103 recunoasc\u0103 informa\u021biile false, manipularea, discursul instigator la ur\u0103 \u0219i comportamentele toxice. F\u0103r\u0103 aceste instrumente, ei pot deveni victime ale dezinform\u0103rii \u0219i ale influen\u021belor negative\u201d, a ad\u0103ugat el.<\/p>\n<p>Ministrul a argumentat c\u0103 restric\u021bionarea accesului minorilor sub 15 ani la con\u021binut online nu rezolv\u0103 problema, ci ar putea crea complexit\u0103\u021bi suplimentare, inclusiv umplerea centrelor de deten\u021bie cu minori. \u00cen schimb, educa\u021bia social\u0103 ar putea dezvolta g\u00e2ndirea critic\u0103, empatia \u0219i capacitatea de a lua decizii informate.<\/p>\n<p>\u201e\u00cen loc s\u0103 le spunem copiilor <i>Nu ai voie!<\/i>, este mult mai eficient s\u0103 le explic\u0103m de ce \u0219i cum s\u0103 se protejeze. Un dialog deschis \u00eentre p\u0103rin\u021bi \u0219i profesori, stabilirea unor reguli clare adaptate v\u00e2rstei \u0219i exemplul personal sunt esen\u021biale pentru a cultiva o rela\u021bie s\u0103n\u0103toas\u0103 cu mediul online\u201d, a subliniat Predoiu.<\/p>\n<p>El a ad\u0103ugat c\u0103 implementarea unor astfel de interdic\u021bii ar necesita un sistem complex de monitorizare, capabil s\u0103 detecteze accesul la con\u021binut online, ceea ce ar implica \u00eenregistr\u0103ri de date \u0219i supraveghere pe scar\u0103 larg\u0103, ridic\u00e2nd astfel probleme legate de limitele democra\u021biei.<\/p>\n<p>\u00cen privin\u021ba libert\u0103\u021bii de exprimare, Predoiu a reiterat c\u0103 este \u00eempotriva interdic\u021biilor, chiar \u0219i pentru copiii care au ajuns la v\u00e2rsta majoratului. \u201eAm fost adesea criticat pe nedrept pentru c\u0103 Poli\u021bia aplic\u0103 sanc\u021biuni pentru anumite tipuri de con\u021binut online, conform legii rom\u00e2ne \u00een vigoare. Dac\u0103 se schimb\u0103 legisla\u021bia \u00een direc\u021bia unei libert\u0103\u021bi totale de exprimare, este o chestiune, iar dac\u0103 se opteaz\u0103 pentru interdic\u021bii, este cu totul altceva. Cred c\u0103 trebuie s\u0103 existe un echilibru, care s\u0103 protejeze libertatea de exprimare, dar \u0219i s\u0103 interzic\u0103 con\u021binutul instigator la violen\u021b\u0103\u201d, a declarat el.<\/p>\n<p>\u201e\u00cen concluzie, problema nu este existen\u021ba platformelor online, ci modul \u00een care sunt utilizate. Interzicerea acestora nu \u00eei preg\u0103te\u0219te pe copii pentru realitate, ci \u00eei face mai vulnerabili. O educa\u021bie social\u0103 solid\u0103, sus\u021binut\u0103 de supravegherea p\u0103rin\u021bilor \u0219i profesorilor, precum \u0219i de o comunicare deschis\u0103, \u00eei va ajuta pe copii s\u0103 navigheze \u00een siguran\u021b\u0103 \u00een mediul digital \u0219i s\u0103 evite influen\u021bele negative\u201d, a concluzionat Predoiu pe re\u021belele de socializare.<\/p>\n","protected":false},"excerpt":{"rendered":"<p>C\u0103t\u0103lin Predoiu, ministrul de Interne, a r\u0103spuns duminic\u0103 la propunerea avansat\u0103 de Raed Arafat, care vizeaz\u0103 limitarea accesului copiilor la re\u021belele de socializare. Predoiu a subliniat c\u0103 perspectiva sa este cea de avocat, senator \u0219i membru al unui partid politic, men\u021bion\u00e2nd c\u0103 Ministerul de Interne nu are competen\u021ba de a stabili limite legale \u00een privin\u021ba [&hellip;]<\/p>\n","protected":false},"author":2,"featured_media":1196,"comment_status":"open","ping_status":"open","sticky":false,"template":"","format":"standard","meta":{"jnews-multi-image_gallery":[],"jnews_single_post":[],"jnews_primary_category":[],"jnews_override_counter":[],"footnotes":""},"categories":[42],"tags":[2158,1328,2161,2159,532,2160,1957,1955],"class_list":["post-1195","post","type-post","status-publish","format-standard","has-post-thumbnail","hentry","category-politica","tag-acces-copii","tag-catalin-predoiu","tag-educatie-morala","tag-interdictii","tag-legislatie","tag-libertate-exprimare","tag-raed-arafat","tag-retele-sociale"],"_links":{"self":[{"href":"https:\/\/www.newsrecorder.ro\/app\/wp-json\/wp\/v2\/posts\/1195","targetHints":{"allow":["GET"]}}],"collection":[{"href":"https:\/\/www.newsrecorder.ro\/app\/wp-json\/wp\/v2\/posts"}],"about":[{"href":"https:\/\/www.newsrecorder.ro\/app\/wp-json\/wp\/v2\/types\/post"}],"author":[{"embeddable":true,"href":"https:\/\/www.newsrecorder.ro\/app\/wp-json\/wp\/v2\/users\/2"}],"replies":[{"embeddable":true,"href":"https:\/\/www.newsrecorder.ro\/app\/wp-json\/wp\/v2\/comments?post=1195"}],"version-history":[{"count":0,"href":"https:\/\/www.newsrecorder.ro\/app\/wp-json\/wp\/v2\/posts\/1195\/revisions"}],"wp:featuredmedia":[{"embeddable":true,"href":"https:\/\/www.newsrecorder.ro\/app\/wp-json\/wp\/v2\/media\/1196"}],"wp:attachment":[{"href":"https:\/\/www.newsrecorder.ro\/app\/wp-json\/wp\/v2\/media?parent=1195"}],"wp:term":[{"taxonomy":"category","embeddable":true,"href":"https:\/\/www.newsrecorder.ro\/app\/wp-json\/wp\/v2\/categories?post=1195"},{"taxonomy":"post_tag","embeddable":true,"href":"https:\/\/www.newsrecorder.ro\/app\/wp-json\/wp\/v2\/tags?post=1195"}],"curies":[{"name":"wp","href":"https:\/\/api.w.org\/{rel}","templated":true}]}}