{"id":1205,"date":"2026-02-01T19:20:43","date_gmt":"2026-02-01T19:20:43","guid":{"rendered":"https:\/\/www.newsrecorder.ro\/app\/2026\/02\/01\/atac-aerian-israelian-in-sudul-libanului-un-mort-si-mai-multi-raniti\/"},"modified":"2026-02-01T19:20:43","modified_gmt":"2026-02-01T19:20:43","slug":"atac-aerian-israelian-in-sudul-libanului-un-mort-si-mai-multi-raniti","status":"publish","type":"post","link":"https:\/\/www.newsrecorder.ro\/app\/2026\/02\/01\/atac-aerian-israelian-in-sudul-libanului-un-mort-si-mai-multi-raniti\/","title":{"rendered":"Atac aerian israelian \u00een sudul Libanului: un mort \u0219i mai mul\u021bi r\u0103ni\u021bi!"},"content":{"rendered":"<p>Un atac aerian israelian a dus la moartea unei persoane \u0219i la r\u0103nirea altor trei, inclusiv a unui adolescent de 16 ani, \u00een localitatea Abba din regiunea Nabatieh, situat\u0103 \u00een sudul Libanului. Informa\u021bia a fost confirmat\u0103 de ministrul S\u0103n\u0103t\u0103\u021bii din Beirut, conform unui raport al publica\u021biei Le Figaro.<\/p>\n<p>Surse din presa local\u0103 au relatat c\u0103 atacul a vizat o ma\u0219in\u0103, iar \u0219oferul acesteia a decedat pe loc. De asemenea, minorul a fost r\u0103nit \u00een timpul incidentului, c\u00e2nd vehiculul familiei sale a trecut prin zona afectat\u0103 de atac.<\/p>\n<p>Armata israelian\u0103 a explicat c\u0103 opera\u021biunea a fost o reac\u021bie la \u201e\u00eenc\u0103lc\u0103ri repetate ale armisti\u021biului\u201d, men\u021bion\u00e2nd c\u0103 \u021binta principal\u0103 era un membru al Hezbollah.<\/p>\n<p>\u00cen aceea\u0219i zi, un alt incident a avut loc \u00een regiunea Sidon, unde o persoan\u0103 a fost r\u0103nit\u0103 \u00een urma unui atac care a vizat un buldozer ce efectua lucr\u0103ri de cur\u0103\u021bare a d\u0103r\u00e2m\u0103turilor rezultante dintr-un raid israelian anterior.<\/p>\n<p>For\u021bele de Ap\u0103rare Israeliene (IDF) au precizat c\u0103 atacul a avut ca obiectiv \u201emai multe vehicule de inginerie ale Hezbollah utilizate pentru restaurarea infrastructurii teroriste din zon\u0103\u201d.<\/p>\n<p>\u00cen ciuda unui acord de \u00eencetare a focului semnat \u00een noiembrie 2024, Israelul continu\u0103 s\u0103 efectueze atacuri asupra sudului Libanului. Acordul stipuleaz\u0103 c\u0103 Libanul trebuie s\u0103 dezarmeze Hezbollah \u0219i s\u0103 desfiin\u021beze structurile sale militare situate \u00eentre grani\u021ba cu Israelul \u0219i fluviul Litani, acest angajament urm\u00e2nd s\u0103 fie \u00eendeplinit p\u00e2n\u0103 la sf\u00e2r\u0219itul anului 2025.<\/p>\n<p>Israelul \u0219i-a exprimat \u00eendoiala cu privire la capacitatea armatei libaneze de a respecta aceste angajamente \u0219i a acuzat Hezbollah de re\u00eenarmare.<\/p>\n<p>Conform autorit\u0103\u021bilor sanitare libaneze, de la intrarea \u00een vigoare a acordului de \u00eencetare a focului, peste 360 de persoane au pierdut via\u021ba \u00een urma conflictelor din regiune.<\/p>\n","protected":false},"excerpt":{"rendered":"<p>Un atac aerian israelian a dus la moartea unei persoane \u0219i la r\u0103nirea altor trei, inclusiv a unui adolescent de 16 ani, \u00een localitatea Abba din regiunea Nabatieh, situat\u0103 \u00een sudul Libanului. Informa\u021bia a fost confirmat\u0103 de ministrul S\u0103n\u0103t\u0103\u021bii din Beirut, conform unui raport al publica\u021biei Le Figaro. Surse din presa local\u0103 au relatat c\u0103 [&hellip;]<\/p>\n","protected":false},"author":2,"featured_media":1206,"comment_status":"open","ping_status":"open","sticky":false,"template":"","format":"standard","meta":{"jnews-multi-image_gallery":[],"jnews_single_post":[],"jnews_primary_category":[],"jnews_override_counter":[],"footnotes":""},"categories":[41],"tags":[2187,2182,2185,1355,268,2183,2184,2186],"class_list":["post-1205","post","type-post","status-publish","format-standard","has-post-thumbnail","hentry","category-externe","tag-armata-israeliana","tag-atac-aerian","tag-hezbollah","tag-incident","tag-israel","tag-liban","tag-nabatieh","tag-ranit"],"_links":{"self":[{"href":"https:\/\/www.newsrecorder.ro\/app\/wp-json\/wp\/v2\/posts\/1205","targetHints":{"allow":["GET"]}}],"collection":[{"href":"https:\/\/www.newsrecorder.ro\/app\/wp-json\/wp\/v2\/posts"}],"about":[{"href":"https:\/\/www.newsrecorder.ro\/app\/wp-json\/wp\/v2\/types\/post"}],"author":[{"embeddable":true,"href":"https:\/\/www.newsrecorder.ro\/app\/wp-json\/wp\/v2\/users\/2"}],"replies":[{"embeddable":true,"href":"https:\/\/www.newsrecorder.ro\/app\/wp-json\/wp\/v2\/comments?post=1205"}],"version-history":[{"count":0,"href":"https:\/\/www.newsrecorder.ro\/app\/wp-json\/wp\/v2\/posts\/1205\/revisions"}],"wp:featuredmedia":[{"embeddable":true,"href":"https:\/\/www.newsrecorder.ro\/app\/wp-json\/wp\/v2\/media\/1206"}],"wp:attachment":[{"href":"https:\/\/www.newsrecorder.ro\/app\/wp-json\/wp\/v2\/media?parent=1205"}],"wp:term":[{"taxonomy":"category","embeddable":true,"href":"https:\/\/www.newsrecorder.ro\/app\/wp-json\/wp\/v2\/categories?post=1205"},{"taxonomy":"post_tag","embeddable":true,"href":"https:\/\/www.newsrecorder.ro\/app\/wp-json\/wp\/v2\/tags?post=1205"}],"curies":[{"name":"wp","href":"https:\/\/api.w.org\/{rel}","templated":true}]}}