{"id":12058,"date":"2026-04-04T22:41:52","date_gmt":"2026-04-04T22:41:52","guid":{"rendered":"https:\/\/www.newsrecorder.ro\/app\/2026\/04\/04\/diana-lupescu-dezvaluie-mircea-diaconu-nu-m-a-lasat-niciodata-singura\/"},"modified":"2026-04-04T22:41:52","modified_gmt":"2026-04-04T22:41:52","slug":"diana-lupescu-dezvaluie-mircea-diaconu-nu-m-a-lasat-niciodata-singura","status":"publish","type":"post","link":"https:\/\/www.newsrecorder.ro\/app\/2026\/04\/04\/diana-lupescu-dezvaluie-mircea-diaconu-nu-m-a-lasat-niciodata-singura\/","title":{"rendered":"Diana Lupescu dezv\u0103luie: Mircea Diaconu nu m-a l\u0103sat niciodat\u0103 singur\u0103!"},"content":{"rendered":"<p>Reflect\u00e2nd asupra vie\u021bii dup\u0103 pierderea lui Mircea Diaconu, actri\u021ba <strong>Diana Lupescu<\/strong> a \u00eemp\u0103rt\u0103\u0219it sentimentele sale profunde: \u201eMi-e foarte greu. Mi-e \u00eengrozitor de greu. De aceea probabil \u00eemi doresc at\u00e2t de mult s\u0103 m\u0103 \u00eentorc la profesie, sper s\u0103 mai pot. Pentru c\u0103 e un gol enorm\u201d.<\/p>\n<p>\u00centr-un interviu recent, Lupescu a dezv\u0103luit c\u0103 \u00een prezent se afl\u0103 \u00een mijlocul unor formalit\u0103\u021bi administrative, ceea ce o face s\u0103 se simt\u0103 \u201e\u00eengrozitor de goal\u0103\u201d \u0219i vulnerabil\u0103. Aceasta a subliniat c\u0103 \u00ee\u0219i dore\u0219te s\u0103 finalizeze c\u00e2t mai repede aceste lucruri pentru a putea reveni la cariera sa artistic\u0103.<\/p>\n<p>\u201e\u00cemi doresc mult de tot s\u0103 pot s\u0103 termin cu treburile astea \u0219i s\u0103 \u00eencerc s\u0103 m\u0103 \u00eentorc la profesie, pentru c\u0103 este un mod de existen\u021b\u0103 care mie \u00eemi f\u0103cea foarte bine \u0219i \u00ee\u021bi umple sufletul \u0219i g\u00e2ndurile\u201d, a spus Diana, eviden\u021biind impactul pozitiv pe care munca sa l-a avut asupra vie\u021bii sale.<\/p>\n<p>Actri\u021ba a vorbit \u0219i despre leg\u0103tura str\u00e2ns\u0103 pe care a avut-o cu Mircea Diaconu, dezv\u0103luind c\u0103 au comunicat zilnic \u0219i c\u0103 \u0219i-au \u00eemp\u0103rt\u0103\u0219it mereu g\u00e2ndurile \u0219i sentimentele. \u201eNoi am vorbit \u00een fiecare zi \u0219i ne-am spus tot ce aveam pe suflet. Eu zic c\u0103 am comunicat total\u201d, a afirmat ea, subliniind intimitatea rela\u021biei lor.<\/p>\n<p>Cu o voce plin\u0103 de emo\u021bie, Diana Lupescu a ad\u0103ugat: \u201eP\u00e2n\u0103 \u00een ultima clip\u0103 a sperat c\u0103 o s\u0103 fie bine. N-a vrut s\u0103 m\u0103 lase singur\u0103\u201d.<\/p>\n<p>Marele actor <strong>Mircea Diaconu<\/strong> a trecut \u00een nefiin\u021b\u0103 pe 14 decembrie 2024, la v\u00e2rsta de 74 de ani. El \u0219i Diana Lupescu au fost c\u0103s\u0103tori\u021bi timp de 44 de ani, iar leg\u0103tura lor r\u0103m\u00e2ne un exemplu de iubire \u0219i sprijin reciproc.<\/p>\n<p><strong>Podcastul integral:<\/strong><\/p><\/p>\n","protected":false},"excerpt":{"rendered":"<p>Reflect\u00e2nd asupra vie\u021bii dup\u0103 pierderea lui Mircea Diaconu, actri\u021ba Diana Lupescu a \u00eemp\u0103rt\u0103\u0219it sentimentele sale profunde: \u201eMi-e foarte greu. Mi-e \u00eengrozitor de greu. De aceea probabil \u00eemi doresc at\u00e2t de mult s\u0103 m\u0103 \u00eentorc la profesie, sper s\u0103 mai pot. Pentru c\u0103 e un gol enorm\u201d. \u00centr-un interviu recent, Lupescu a dezv\u0103luit c\u0103 \u00een prezent [&hellip;]<\/p>\n","protected":false},"author":7,"featured_media":12059,"comment_status":"open","ping_status":"open","sticky":false,"template":"","format":"standard","meta":{"jnews-multi-image_gallery":[],"jnews_single_post":[],"jnews_primary_category":[],"jnews_override_counter":[],"footnotes":""},"categories":[43],"tags":[14928,14924,14929,14926,4387,8445,11173,752],"class_list":["post-12058","post","type-post","status-publish","format-standard","has-post-thumbnail","hentry","category-cultura","tag-cariera-artistica","tag-diana-lupescu","tag-gol-emotional","tag-mircea-diaconu","tag-pierdere","tag-profesie","tag-sentimente","tag-vulnerabilitate"],"_links":{"self":[{"href":"https:\/\/www.newsrecorder.ro\/app\/wp-json\/wp\/v2\/posts\/12058","targetHints":{"allow":["GET"]}}],"collection":[{"href":"https:\/\/www.newsrecorder.ro\/app\/wp-json\/wp\/v2\/posts"}],"about":[{"href":"https:\/\/www.newsrecorder.ro\/app\/wp-json\/wp\/v2\/types\/post"}],"author":[{"embeddable":true,"href":"https:\/\/www.newsrecorder.ro\/app\/wp-json\/wp\/v2\/users\/7"}],"replies":[{"embeddable":true,"href":"https:\/\/www.newsrecorder.ro\/app\/wp-json\/wp\/v2\/comments?post=12058"}],"version-history":[{"count":0,"href":"https:\/\/www.newsrecorder.ro\/app\/wp-json\/wp\/v2\/posts\/12058\/revisions"}],"wp:featuredmedia":[{"embeddable":true,"href":"https:\/\/www.newsrecorder.ro\/app\/wp-json\/wp\/v2\/media\/12059"}],"wp:attachment":[{"href":"https:\/\/www.newsrecorder.ro\/app\/wp-json\/wp\/v2\/media?parent=12058"}],"wp:term":[{"taxonomy":"category","embeddable":true,"href":"https:\/\/www.newsrecorder.ro\/app\/wp-json\/wp\/v2\/categories?post=12058"},{"taxonomy":"post_tag","embeddable":true,"href":"https:\/\/www.newsrecorder.ro\/app\/wp-json\/wp\/v2\/tags?post=12058"}],"curies":[{"name":"wp","href":"https:\/\/api.w.org\/{rel}","templated":true}]}}