{"id":12142,"date":"2026-04-05T18:37:43","date_gmt":"2026-04-05T18:37:43","guid":{"rendered":"https:\/\/www.newsrecorder.ro\/app\/2026\/04\/05\/premierul-britanic-denunta-prezenta-controversata-a-lui-kanye-west-la-festival\/"},"modified":"2026-04-05T18:37:43","modified_gmt":"2026-04-05T18:37:43","slug":"premierul-britanic-denunta-prezenta-controversata-a-lui-kanye-west-la-festival","status":"publish","type":"post","link":"https:\/\/www.newsrecorder.ro\/app\/2026\/04\/05\/premierul-britanic-denunta-prezenta-controversata-a-lui-kanye-west-la-festival\/","title":{"rendered":"Premierul britanic denun\u021b\u0103 prezen\u021ba controversat\u0103 a lui Kanye West la festival"},"content":{"rendered":"<p>Kanye West, acum cunoscut sub numele de Ye, a fost subiectul unor critici severe \u00een ultimii ani, datorit\u0103 unor declara\u021bii antisemite pentru care a solicitat scuze \u00een luna ianuarie, conform unui raport al <a href=\"https:\/\/www.bbc.com\/news\/articles\/cp86942yj97o\" target=\"_blank\" rel=\"noopener\">BBC<\/a>.<\/p>\n<p>Keir Starmer, liderul Partidului Laburist, \u0219i-a exprimat \u00eengrijorarea profund\u0103 cu privire la invita\u021bia adresat\u0103 artistului, av\u00e2nd \u00een vedere istoricul s\u0103u de declara\u021bii antisemite \u0219i laudele aduse nazismului. \u201eAntisemitismul, sub orice form\u0103, este abominabil \u0219i trebuie comb\u0103tut cu fermitate\u201d, a subliniat Starmer.<\/p>\n<p>Sponsorul festivalului, Pepsi, a anun\u021bat duminic\u0103, prin intermediul publica\u021biei The Independent, c\u0103 \u00ee\u0219i retrage sponsorizarea \u00een urma controverselor legate de Ye.<\/p>\n<p>Rapperul american, \u00een v\u00e2rst\u0103 de 48 de ani, a fost anun\u021bat ca headliner pentru toate cele trei zile ale festivalului Wireless, programat s\u0103 aib\u0103 loc \u00een luna iulie, \u00een nordul Londrei.<\/p>\n<p>Ed Davey, liderul liberal-democrat, a cerut ca Ye s\u0103 nu fie l\u0103sat s\u0103 p\u0103trund\u0103 pe teritoriul Regatului Unit, subliniind c\u0103 autorit\u0103\u021bile ar trebui s\u0103 adopte m\u0103suri mai ferme \u00een lupta \u00eempotriva antisemitismului. Critici similare au fost aduse \u0219i de Kemi Badenoch, lidera conservatoare.<\/p>\n<p>Anul trecut, Kanye West a fost interzis de la intrarea \u00een Australia dup\u0103 ce a lansat o melodie intitulat\u0103 \u201eHeil Hitler\u201d. De-a lungul timpului, conturile sale de pe re\u021belele sociale au fost suspendate din cauza unor post\u0103ri controversate. Artistul a declarat ulterior c\u0103 regret\u0103 acele afirma\u021bii, sus\u021bin\u00e2nd c\u0103 ele au fost influen\u021bate de tulburarea bipolar\u0103 de care sufer\u0103.<\/p>\n","protected":false},"excerpt":{"rendered":"<p>Kanye West, acum cunoscut sub numele de Ye, a fost subiectul unor critici severe \u00een ultimii ani, datorit\u0103 unor declara\u021bii antisemite pentru care a solicitat scuze \u00een luna ianuarie, conform unui raport al BBC. Keir Starmer, liderul Partidului Laburist, \u0219i-a exprimat \u00eengrijorarea profund\u0103 cu privire la invita\u021bia adresat\u0103 artistului, av\u00e2nd \u00een vedere istoricul s\u0103u de [&hellip;]<\/p>\n","protected":false},"author":2,"featured_media":12143,"comment_status":"open","ping_status":"open","sticky":false,"template":"","format":"standard","meta":{"jnews-multi-image_gallery":[],"jnews_single_post":[],"jnews_primary_category":[],"jnews_override_counter":[],"footnotes":""},"categories":[41],"tags":[6583,234,14997,14995,899,271,14998,14996],"class_list":["post-12142","post","type-post","status-publish","format-standard","has-post-thumbnail","hentry","category-externe","tag-antisemitism","tag-controverse","tag-festival-wireless","tag-kanye-west","tag-keir-starmer","tag-muzica","tag-pepsi","tag-ye"],"_links":{"self":[{"href":"https:\/\/www.newsrecorder.ro\/app\/wp-json\/wp\/v2\/posts\/12142","targetHints":{"allow":["GET"]}}],"collection":[{"href":"https:\/\/www.newsrecorder.ro\/app\/wp-json\/wp\/v2\/posts"}],"about":[{"href":"https:\/\/www.newsrecorder.ro\/app\/wp-json\/wp\/v2\/types\/post"}],"author":[{"embeddable":true,"href":"https:\/\/www.newsrecorder.ro\/app\/wp-json\/wp\/v2\/users\/2"}],"replies":[{"embeddable":true,"href":"https:\/\/www.newsrecorder.ro\/app\/wp-json\/wp\/v2\/comments?post=12142"}],"version-history":[{"count":0,"href":"https:\/\/www.newsrecorder.ro\/app\/wp-json\/wp\/v2\/posts\/12142\/revisions"}],"wp:featuredmedia":[{"embeddable":true,"href":"https:\/\/www.newsrecorder.ro\/app\/wp-json\/wp\/v2\/media\/12143"}],"wp:attachment":[{"href":"https:\/\/www.newsrecorder.ro\/app\/wp-json\/wp\/v2\/media?parent=12142"}],"wp:term":[{"taxonomy":"category","embeddable":true,"href":"https:\/\/www.newsrecorder.ro\/app\/wp-json\/wp\/v2\/categories?post=12142"},{"taxonomy":"post_tag","embeddable":true,"href":"https:\/\/www.newsrecorder.ro\/app\/wp-json\/wp\/v2\/tags?post=12142"}],"curies":[{"name":"wp","href":"https:\/\/api.w.org\/{rel}","templated":true}]}}