{"id":12158,"date":"2026-04-05T18:41:08","date_gmt":"2026-04-05T18:41:08","guid":{"rendered":"https:\/\/www.newsrecorder.ro\/app\/2026\/04\/05\/alexandru-rogobete-ii-apreciez-mult-pe-nicusor-dan-si-mirabela-gradinaru\/"},"modified":"2026-04-05T18:41:08","modified_gmt":"2026-04-05T18:41:08","slug":"alexandru-rogobete-ii-apreciez-mult-pe-nicusor-dan-si-mirabela-gradinaru","status":"publish","type":"post","link":"https:\/\/www.newsrecorder.ro\/app\/2026\/04\/05\/alexandru-rogobete-ii-apreciez-mult-pe-nicusor-dan-si-mirabela-gradinaru\/","title":{"rendered":"Alexandru Rogobete: \u201e\u00cei apreciez mult pe Nicu\u0219or Dan \u0219i Mirabela Gr\u0103dinaru!\u201d"},"content":{"rendered":"<p>\u00centr-o recent\u0103 apari\u021bie la Antena 3 CNN, ministrul S\u0103n\u0103t\u0103\u021bii, <a href=\"https:\/\/www.mediafax.ro\/stirile-zilei\/rogobete-acuzatii-in-privinta-achizitiei-de-vaccinuri-pfizer-incompetenta-sau-slugarnicie-23715441\">Rogobete<\/a>, a comentat despre rela\u021biile sale cu pre\u0219edintele Nicu\u0219or Dan \u0219i partenera acestuia, remarc\u00e2nd aprecierea sa pentru echilibrul \u0219i decen\u021ba pe care le manifest\u0103.<\/p>\n<p>\u201eEste o chestiune pur uman\u0103. Nu exist\u0103 niciun calcul politic, iar eu m\u0103 distan\u021bez de astfel de strategii. Cert este c\u0103 \u00eei apreciez pe am\u00e2ndoi foarte mult \u0219i respect echilibrul pe care \u00eel aduc \u00een activitatea lor\u201d, a declarat ministrul.<\/p>\n<p>Referitor la pre\u0219edintele Nicu\u0219or Dan, Rogobete a subliniat: \u201e\u00cel apreciez pentru echilibrul s\u0103u \u00een comunicare \u0219i \u00een luarea deciziilor. C\u00e2nd vorbesc despre domnul pre\u0219edinte, recunosc c\u0103 apreciaz\u0103 modul \u00een care gestioneaz\u0103 problemele actuale. Sunt acolo, fac parte din guvern, iar interac\u021biunile noastre sunt clare, nu este nevoie s\u0103 m\u0103 conving\u0103 nimeni de nimic.\u201d<\/p>\n<p>\u00cen ceea ce o prive\u0219te pe Mirabela Gr\u0103dinaru, Rogobete a eviden\u021biat importan\u021ba decen\u021bei \u0219i implic\u0103rii acesteia \u00een proiectele sociale. \u201eApreciez foarte mult decen\u021ba doamnei Gr\u0103dinaru \u0219i dorin\u021ba ei de a se implica \u00een ini\u021biative care au un impact social, proiecte care, de multe ori, se interconecteaz\u0103 cu domeniul s\u0103n\u0103t\u0103\u021bii\u201d, a ad\u0103ugat ministrul.<\/p>\n","protected":false},"excerpt":{"rendered":"<p>\u00centr-o recent\u0103 apari\u021bie la Antena 3 CNN, ministrul S\u0103n\u0103t\u0103\u021bii, Rogobete, a comentat despre rela\u021biile sale cu pre\u0219edintele Nicu\u0219or Dan \u0219i partenera acestuia, remarc\u00e2nd aprecierea sa pentru echilibrul \u0219i decen\u021ba pe care le manifest\u0103. \u201eEste o chestiune pur uman\u0103. Nu exist\u0103 niciun calcul politic, iar eu m\u0103 distan\u021bez de astfel de strategii. Cert este c\u0103 \u00eei [&hellip;]<\/p>\n","protected":false},"author":2,"featured_media":12159,"comment_status":"open","ping_status":"open","sticky":false,"template":"","format":"standard","meta":{"jnews-multi-image_gallery":[],"jnews_single_post":[],"jnews_primary_category":[],"jnews_override_counter":[],"footnotes":""},"categories":[39],"tags":[1003,15008,205,301,4043,2975,286,15007],"class_list":["post-12158","post","type-post","status-publish","format-standard","has-post-thumbnail","hentry","category-stirile-zilei","tag-comunicare","tag-decenta","tag-echilibru","tag-guvern","tag-interactiuni","tag-ministrul-sanatatii","tag-nicusor-dan","tag-rogobete"],"_links":{"self":[{"href":"https:\/\/www.newsrecorder.ro\/app\/wp-json\/wp\/v2\/posts\/12158","targetHints":{"allow":["GET"]}}],"collection":[{"href":"https:\/\/www.newsrecorder.ro\/app\/wp-json\/wp\/v2\/posts"}],"about":[{"href":"https:\/\/www.newsrecorder.ro\/app\/wp-json\/wp\/v2\/types\/post"}],"author":[{"embeddable":true,"href":"https:\/\/www.newsrecorder.ro\/app\/wp-json\/wp\/v2\/users\/2"}],"replies":[{"embeddable":true,"href":"https:\/\/www.newsrecorder.ro\/app\/wp-json\/wp\/v2\/comments?post=12158"}],"version-history":[{"count":0,"href":"https:\/\/www.newsrecorder.ro\/app\/wp-json\/wp\/v2\/posts\/12158\/revisions"}],"wp:featuredmedia":[{"embeddable":true,"href":"https:\/\/www.newsrecorder.ro\/app\/wp-json\/wp\/v2\/media\/12159"}],"wp:attachment":[{"href":"https:\/\/www.newsrecorder.ro\/app\/wp-json\/wp\/v2\/media?parent=12158"}],"wp:term":[{"taxonomy":"category","embeddable":true,"href":"https:\/\/www.newsrecorder.ro\/app\/wp-json\/wp\/v2\/categories?post=12158"},{"taxonomy":"post_tag","embeddable":true,"href":"https:\/\/www.newsrecorder.ro\/app\/wp-json\/wp\/v2\/tags?post=12158"}],"curies":[{"name":"wp","href":"https:\/\/api.w.org\/{rel}","templated":true}]}}