{"id":1219,"date":"2026-02-01T19:22:36","date_gmt":"2026-02-01T19:22:36","guid":{"rendered":"https:\/\/www.newsrecorder.ro\/app\/2026\/02\/01\/30-de-ani-de-mister-ozn-ul-din-varginha-si-fetele-care-au-vazut-totul\/"},"modified":"2026-02-01T19:22:36","modified_gmt":"2026-02-01T19:22:36","slug":"30-de-ani-de-mister-ozn-ul-din-varginha-si-fetele-care-au-vazut-totul","status":"publish","type":"post","link":"https:\/\/www.newsrecorder.ro\/app\/2026\/02\/01\/30-de-ani-de-mister-ozn-ul-din-varginha-si-fetele-care-au-vazut-totul\/","title":{"rendered":"30 de ani de mister: OZN-ul din Varginha \u0219i fetele care au v\u0103zut totul!"},"content":{"rendered":"<p>Unul dintre cele mai celebre incidente legate de observa\u021bii extraterestre a avut loc pe 20 ianuarie 1996, \u00een jurul orei 15:30, \u00een apropierea unui cartier reziden\u021bial de pe strada Dr. Benevenuto Braz Vieira. Trei tinere cu v\u00e2rste \u00eentre 14 \u0219i 22 de ani au raportat c\u0103 au v\u0103zut o creatur\u0103 misterioas\u0103, un eveniment care a captat rapid aten\u021bia publicului, conform unui articol publicat de <a href=\"https:\/\/www.20minutos.es\/ciencia\/incidente-ovni-varginha-cumple-anos-tres-ninas-supuesto-alien-misterio-sin-resolver_6928330_0.html\">20minutos<\/a>.<\/p>\n<p>Fetele au descris fiin\u021ba ca fiind un biped cu un cap dispropor\u021bionat de mare, av\u00e2nd pe piele \u201epete ca ni\u0219te vene\u201d \u0219i trei protuberan\u021be pe cap. Aceasta era caracterizat\u0103 prin ochii s\u0103i care sem\u0103nau cu dou\u0103 bile ro\u0219ii. Creatura p\u0103rea s\u0103 se clatine, ceea ce le-a f\u0103cut pe tinere s\u0103 cread\u0103 c\u0103 era r\u0103nit\u0103 sau bolnav\u0103. \u00censp\u0103im\u00e2ntate, fetele au fugit \u0219i au povestit mamei lor c\u0103 au v\u0103zut \u201ediavolul\u201d.<\/p>\n<p>Dup\u0103 acest incident, zvonurile au \u00eenceput s\u0103 se r\u0103sp\u00e2ndeasc\u0103 rapid \u00een zon\u0103. Locuitorii au raportat observa\u021bii de OZN-uri \u00een zilele anterioare, iar unii au sus\u021binut c\u0103 alte creaturi neidentificate au fost adunate \u0219i observate la un spital local. De asemenea, s-a vorbit despre prezen\u021ba camioanelor \u0219i a personalului militar, poli\u021bienesc \u0219i guvernamental, iar unii oameni au afirmat c\u0103 un poli\u021bist a murit \u0219i c\u0103 au avut loc mor\u021bi inexplicabile ale animalelor din gr\u0103dina zoologic\u0103 local\u0103.<\/p>\n<p>\u00cen urma acestor evenimente, armata brazilian\u0103 a ini\u021biat o anchet\u0103 oficial\u0103. \u00cen 2010, concluziile au ar\u0103tat c\u0103 fetele \u00eent\u00e2lniser\u0103, de fapt, un b\u0103rbat cu probleme mentale, cunoscut sub numele de Luiz Ant\u00f4nio de Paula, poreclit \u201eMudinho\u201d.<\/p>\n<p>Comandantul Batalionului Militar 24 al Poli\u021biei a prezentat fotografii ale acestui b\u0103rbat, subliniind c\u0103 tr\u0103s\u0103turile sale fizice coincideau cu descrierea dat\u0103 de tinere. Se considera c\u0103 Mudinho, probabil murdar din cauza ploilor toren\u021biale, a fost confundat de cele trei fete speriate cu o fiin\u021b\u0103 extraterestr\u0103. De asemenea, \u0219eful anchetei a explicat c\u0103 activit\u0103\u021bile militare observate \u00een noaptea respectiv\u0103 erau de rutin\u0103 \u0219i c\u0103 prezen\u021ba pompierilor \u0219i a vehiculelor militare era legat\u0103 de \u00eentre\u021binerea periodic\u0103 a acestora, nu de capturarea unei creaturi extraterestre.<\/p>\n<p>\u00cen ciuda acestor explica\u021bii oficiale, mul\u021bi locuitori \u0219i pasiona\u021bi de fenomene paranormale continu\u0103 s\u0103 cread\u0103 c\u0103 ceva neobi\u0219nuit s-a petrecut \u00een acea zi de ianuarie \u00een Varginha. Aceast\u0103 credin\u021b\u0103 a transformat incidentul \u00eentr-o atrac\u021bie turistic\u0103, localitatea profit\u00e2nd de pe urma sa prin instalarea unui monument-f\u00e2nt\u00e2n\u0103 \u00een form\u0103 de OZN \u00een parcul central \u0219i v\u00e2nzarea de suveniruri cu tematic\u0103 extraterestr\u0103.<\/p>\n","protected":false},"excerpt":{"rendered":"<p>Unul dintre cele mai celebre incidente legate de observa\u021bii extraterestre a avut loc pe 20 ianuarie 1996, \u00een jurul orei 15:30, \u00een apropierea unui cartier reziden\u021bial de pe strada Dr. Benevenuto Braz Vieira. Trei tinere cu v\u00e2rste \u00eentre 14 \u0219i 22 de ani au raportat c\u0103 au v\u0103zut o creatur\u0103 misterioas\u0103, un eveniment care a [&hellip;]<\/p>\n","protected":false},"author":2,"featured_media":1220,"comment_status":"open","ping_status":"open","sticky":false,"template":"","format":"standard","meta":{"jnews-multi-image_gallery":[],"jnews_single_post":[],"jnews_primary_category":[],"jnews_override_counter":[],"footnotes":""},"categories":[41],"tags":[2217,2218,2214,1355,2215,2216,2219,2162],"class_list":["post-1219","post","type-post","status-publish","format-standard","has-post-thumbnail","hentry","category-externe","tag-creatura-misterioasa","tag-diavol","tag-extraterestri","tag-incident","tag-observatii","tag-ozn-uri","tag-strada","tag-tineri"],"_links":{"self":[{"href":"https:\/\/www.newsrecorder.ro\/app\/wp-json\/wp\/v2\/posts\/1219","targetHints":{"allow":["GET"]}}],"collection":[{"href":"https:\/\/www.newsrecorder.ro\/app\/wp-json\/wp\/v2\/posts"}],"about":[{"href":"https:\/\/www.newsrecorder.ro\/app\/wp-json\/wp\/v2\/types\/post"}],"author":[{"embeddable":true,"href":"https:\/\/www.newsrecorder.ro\/app\/wp-json\/wp\/v2\/users\/2"}],"replies":[{"embeddable":true,"href":"https:\/\/www.newsrecorder.ro\/app\/wp-json\/wp\/v2\/comments?post=1219"}],"version-history":[{"count":0,"href":"https:\/\/www.newsrecorder.ro\/app\/wp-json\/wp\/v2\/posts\/1219\/revisions"}],"wp:featuredmedia":[{"embeddable":true,"href":"https:\/\/www.newsrecorder.ro\/app\/wp-json\/wp\/v2\/media\/1220"}],"wp:attachment":[{"href":"https:\/\/www.newsrecorder.ro\/app\/wp-json\/wp\/v2\/media?parent=1219"}],"wp:term":[{"taxonomy":"category","embeddable":true,"href":"https:\/\/www.newsrecorder.ro\/app\/wp-json\/wp\/v2\/categories?post=1219"},{"taxonomy":"post_tag","embeddable":true,"href":"https:\/\/www.newsrecorder.ro\/app\/wp-json\/wp\/v2\/tags?post=1219"}],"curies":[{"name":"wp","href":"https:\/\/api.w.org\/{rel}","templated":true}]}}