{"id":12194,"date":"2026-04-05T21:12:31","date_gmt":"2026-04-05T21:12:31","guid":{"rendered":"https:\/\/www.newsrecorder.ro\/app\/2026\/04\/05\/atentie-viituri-rapide-si-inundatii-iminente-de-vineri-pana-sambata\/"},"modified":"2026-04-05T21:12:31","modified_gmt":"2026-04-05T21:12:31","slug":"atentie-viituri-rapide-si-inundatii-iminente-de-vineri-pana-sambata","status":"publish","type":"post","link":"https:\/\/www.newsrecorder.ro\/app\/2026\/04\/05\/atentie-viituri-rapide-si-inundatii-iminente-de-vineri-pana-sambata\/","title":{"rendered":"Aten\u021bie! Viituri rapide \u0219i inunda\u021bii iminente de vineri p\u00e2n\u0103 s\u00e2mb\u0103t\u0103!"},"content":{"rendered":"<p class=\"font-claude-response-body break-words whitespace-normal leading-[1.7]\">Recent, autorit\u0103\u021bile au emis avertiz\u0103ri cu cod portocaliu \u0219i galben pentru diverse zone din \u021bar\u0103, av\u00e2nd \u00een vedere fenomenele meteorologice severe anticipat. Aceste fenomene includ scurgeri semnificative pe versan\u021bi, toren\u021bi \u0219i p\u00e2raie, precum \u0219i viituri rapide pe r\u00e2urile mici, care ar putea provoca inunda\u021bii locale. De asemenea, se estimeaz\u0103 cre\u0219teri ale debitelor pe r\u00e2urile din bazinele hidrografice afectate, cu riscul de a dep\u0103\u0219i cotele de ap\u0103rare.<\/p>\n<p class=\"font-claude-response-body break-words whitespace-normal leading-[1.7]\">Codul portocaliu este activ \u00een dou\u0103 intervale distincte. Pe r\u00e2ul Miletin, un afluent al Jijiei, avertizarea este valabil\u0103 de vineri, ora 16:00, p\u00e2n\u0103 s\u00e2mb\u0103t\u0103, ora 12:00, \u00een jude\u021bele Boto\u0219ani \u0219i Ia\u0219i.<\/p>\n<p class=\"font-claude-response-body break-words whitespace-normal leading-[1.7]\">De asemenea, pentru afluen\u021bii Moldovei, codul portocaliu se aplic\u0103 vineri \u00eentre orele 16:00 \u0219i 24:00, \u00een zona aval S.H. Fundu Moldovei p\u00e2n\u0103 amonte S.H. Tupila\u021bi, \u00een jude\u021bele Suceava \u0219i Neam\u021b.<\/p>\n<p class=\"font-claude-response-body break-words whitespace-normal leading-[1.7]\">\u00cen ceea ce prive\u0219te codul galben, acesta este valabil de vineri, ora 11:00, p\u00e2n\u0103 s\u00e2mb\u0103t\u0103, ora 24:00, pe r\u00e2urile din urm\u0103toarele bazine hidrografice: Desn\u0103\u021bui, \u00een jude\u021bele Mehedin\u021bi \u0219i Dolj, Olt, \u00een jude\u021bele Sibiu \u0219i V\u00e2lcea, \u0219i afluen\u021bii acestuia; Putna, \u00een jude\u021bul Vrancea; B\u00e2rlad, \u00een jude\u021bele Neam\u021b, Ia\u0219i, Vaslui, Bac\u0103u, Gala\u021bi \u0219i Vrancea; Trotu\u0219, \u00een jude\u021bele Harghita, Bac\u0103u, Neam\u021b, Covasna \u0219i Vrancea; Moldova, \u00een jude\u021bele Suceava \u0219i Neam\u021b; Bistri\u021ba, \u00een jude\u021bele Suceava, Neam\u021b, Harghita \u0219i Bac\u0103u; Suceava, \u00een jude\u021bul Suceava; Siret, \u00een jude\u021bele Suceava, Boto\u0219ani, Ia\u0219i, Neam\u021b \u0219i Bac\u0103u; \u0219i Jijia, \u00een jude\u021bele Boto\u0219ani \u0219i Ia\u0219i.<\/p>\n","protected":false},"excerpt":{"rendered":"<p>Recent, autorit\u0103\u021bile au emis avertiz\u0103ri cu cod portocaliu \u0219i galben pentru diverse zone din \u021bar\u0103, av\u00e2nd \u00een vedere fenomenele meteorologice severe anticipat. Aceste fenomene includ scurgeri semnificative pe versan\u021bi, toren\u021bi \u0219i p\u00e2raie, precum \u0219i viituri rapide pe r\u00e2urile mici, care ar putea provoca inunda\u021bii locale. De asemenea, se estimeaz\u0103 cre\u0219teri ale debitelor pe r\u00e2urile din [&hellip;]<\/p>\n","protected":false},"author":5,"featured_media":12195,"comment_status":"open","ping_status":"open","sticky":false,"template":"","format":"standard","meta":{"jnews-multi-image_gallery":[],"jnews_single_post":[],"jnews_primary_category":[],"jnews_override_counter":[],"footnotes":""},"categories":[45],"tags":[147,13488,196,1140,14735,1809,2880,8135],"class_list":["post-12194","post","type-post","status-publish","format-standard","has-post-thumbnail","hentry","category-meteo","tag-avertizari","tag-bazine-hidrografice","tag-cod-galben","tag-cod-portocaliu","tag-debite","tag-fenomene-meteorologice","tag-inundatii","tag-rauri"],"_links":{"self":[{"href":"https:\/\/www.newsrecorder.ro\/app\/wp-json\/wp\/v2\/posts\/12194","targetHints":{"allow":["GET"]}}],"collection":[{"href":"https:\/\/www.newsrecorder.ro\/app\/wp-json\/wp\/v2\/posts"}],"about":[{"href":"https:\/\/www.newsrecorder.ro\/app\/wp-json\/wp\/v2\/types\/post"}],"author":[{"embeddable":true,"href":"https:\/\/www.newsrecorder.ro\/app\/wp-json\/wp\/v2\/users\/5"}],"replies":[{"embeddable":true,"href":"https:\/\/www.newsrecorder.ro\/app\/wp-json\/wp\/v2\/comments?post=12194"}],"version-history":[{"count":0,"href":"https:\/\/www.newsrecorder.ro\/app\/wp-json\/wp\/v2\/posts\/12194\/revisions"}],"wp:featuredmedia":[{"embeddable":true,"href":"https:\/\/www.newsrecorder.ro\/app\/wp-json\/wp\/v2\/media\/12195"}],"wp:attachment":[{"href":"https:\/\/www.newsrecorder.ro\/app\/wp-json\/wp\/v2\/media?parent=12194"}],"wp:term":[{"taxonomy":"category","embeddable":true,"href":"https:\/\/www.newsrecorder.ro\/app\/wp-json\/wp\/v2\/categories?post=12194"},{"taxonomy":"post_tag","embeddable":true,"href":"https:\/\/www.newsrecorder.ro\/app\/wp-json\/wp\/v2\/tags?post=12194"}],"curies":[{"name":"wp","href":"https:\/\/api.w.org\/{rel}","templated":true}]}}