{"id":12212,"date":"2026-04-05T22:41:53","date_gmt":"2026-04-05T22:41:53","guid":{"rendered":"https:\/\/www.newsrecorder.ro\/app\/2026\/04\/05\/razvan-lucescu-intors-acasa-in-momente-dificile-situatie-complicata\/"},"modified":"2026-04-05T22:41:53","modified_gmt":"2026-04-05T22:41:53","slug":"razvan-lucescu-intors-acasa-in-momente-dificile-situatie-complicata","status":"publish","type":"post","link":"https:\/\/www.newsrecorder.ro\/app\/2026\/04\/05\/razvan-lucescu-intors-acasa-in-momente-dificile-situatie-complicata\/","title":{"rendered":"R\u0103zvan Lucescu, \u00eentors acas\u0103 \u00een momente dificile: \u201eSitua\u021bie complicat\u0103\u201d"},"content":{"rendered":"<p>La sosirea sa pe aeroport, antrenorul echipei PAOK a fost \u00eent\u00e2mpinat de jurnali\u0219ti, dar a evitat s\u0103 divulge detalii legate de starea de s\u0103n\u0103tate a tat\u0103lui s\u0103u, Mircea Lucescu. R\u0103zvan Lucescu a declarat: \u201eCe a\u0219 putea s\u0103 vorbesc? E o situa\u021bie grea, complicat\u0103, n-am mai multe informa\u021bii&#8230; Sunt oamenii de acolo, la spital, care v\u0103 vor da toate informa\u021biile. Eu oricum nu \u0219tiu s\u0103 v\u0103 explic.\u201d<\/p>\n<p>\u00centr-un interviu acordat la Antena 3 CNN, ministrul S\u0103n\u0103t\u0103\u021bii, <a href=\"https:\/\/www.mediafax.ro\/social\/rogobete-despre-starea-de-sanatate-a-lui-mircea-lucescu-este-in-stare-critica-la-ati-23715433\">Alexandru Rogobete<\/a>, a confirmat c\u0103 starea lui Mircea Lucescu r\u0103m\u00e2ne critic\u0103. \u201eDin p\u0103cate, este \u00een stare critic\u0103. Este la ATI, s-a degradat \u00een ultimele 24-48 de ore din punct de vedere medical. Mi-e greu s\u0103 m\u0103 pronun\u021b sau s\u0103 speculez cu privire la prognosticul medical,\u201d a ad\u0103ugat Rogobete.<\/p>\n<p>Informa\u021bii recente de la Spitalul Universitar de Urgen\u021b\u0103 Bucure\u0219ti au confirmat c\u0103\u00a0<a href=\"https:\/\/www.mediafax.ro\/stirile-zilei\/starea-lui-mircea-lucescu-s-a-agravat-a-fost-transferat-la-terapie-intensiva-dupa-complicatii-cardiace-23715284\">starea lui Mircea Lucescu s-a agravat<\/a> \u00een cursul nop\u021bii de duminic\u0103. Potrivit unui comunicat, \u201eS\u00e2mb\u0103t\u0103, pe parcursul serii, pacientul a repetat aritmiile cardiace importante, prompt tratate de c\u0103tre echipa de gard\u0103 din sec\u021bia de cardiologie. Duminic\u0103, \u00een cursul nop\u021bii, aritmiile au devenit severe \u0219i nu au mai r\u0103spuns la tratament. Starea pacientului s-a \u00eenr\u0103ut\u0103\u021bit, necesit\u00e2nd transferul \u00een sec\u021bia de Anestezie \u0219i Terapie Intensiv\u0103.\u201d<\/p>\n","protected":false},"excerpt":{"rendered":"<p>La sosirea sa pe aeroport, antrenorul echipei PAOK a fost \u00eent\u00e2mpinat de jurnali\u0219ti, dar a evitat s\u0103 divulge detalii legate de starea de s\u0103n\u0103tate a tat\u0103lui s\u0103u, Mircea Lucescu. R\u0103zvan Lucescu a declarat: \u201eCe a\u0219 putea s\u0103 vorbesc? E o situa\u021bie grea, complicat\u0103, n-am mai multe informa\u021bii&#8230; Sunt oamenii de acolo, la spital, care v\u0103 [&hellip;]<\/p>\n","protected":false},"author":6,"featured_media":12213,"comment_status":"open","ping_status":"open","sticky":false,"template":"","format":"standard","meta":{"jnews-multi-image_gallery":[],"jnews_single_post":[],"jnews_primary_category":[],"jnews_override_counter":[],"footnotes":""},"categories":[46],"tags":[15028,1870,2528,1220,1331,551,15027,1855],"class_list":["post-12212","post","type-post","status-publish","format-standard","has-post-thumbnail","hentry","category-sport","tag-antan-3-cnn","tag-interviu","tag-mircea-lucescu","tag-paok","tag-razvan-lucescu","tag-sanatate","tag-situatie-critica","tag-spital"],"_links":{"self":[{"href":"https:\/\/www.newsrecorder.ro\/app\/wp-json\/wp\/v2\/posts\/12212","targetHints":{"allow":["GET"]}}],"collection":[{"href":"https:\/\/www.newsrecorder.ro\/app\/wp-json\/wp\/v2\/posts"}],"about":[{"href":"https:\/\/www.newsrecorder.ro\/app\/wp-json\/wp\/v2\/types\/post"}],"author":[{"embeddable":true,"href":"https:\/\/www.newsrecorder.ro\/app\/wp-json\/wp\/v2\/users\/6"}],"replies":[{"embeddable":true,"href":"https:\/\/www.newsrecorder.ro\/app\/wp-json\/wp\/v2\/comments?post=12212"}],"version-history":[{"count":0,"href":"https:\/\/www.newsrecorder.ro\/app\/wp-json\/wp\/v2\/posts\/12212\/revisions"}],"wp:featuredmedia":[{"embeddable":true,"href":"https:\/\/www.newsrecorder.ro\/app\/wp-json\/wp\/v2\/media\/12213"}],"wp:attachment":[{"href":"https:\/\/www.newsrecorder.ro\/app\/wp-json\/wp\/v2\/media?parent=12212"}],"wp:term":[{"taxonomy":"category","embeddable":true,"href":"https:\/\/www.newsrecorder.ro\/app\/wp-json\/wp\/v2\/categories?post=12212"},{"taxonomy":"post_tag","embeddable":true,"href":"https:\/\/www.newsrecorder.ro\/app\/wp-json\/wp\/v2\/tags?post=12212"}],"curies":[{"name":"wp","href":"https:\/\/api.w.org\/{rel}","templated":true}]}}