{"id":12240,"date":"2026-04-05T23:12:40","date_gmt":"2026-04-05T23:12:40","guid":{"rendered":"https:\/\/www.newsrecorder.ro\/app\/2026\/04\/05\/lazar-iesi-afara-minunea-care-a-socat-ierusalimul\/"},"modified":"2026-04-05T23:12:40","modified_gmt":"2026-04-05T23:12:40","slug":"lazar-iesi-afara-minunea-care-a-socat-ierusalimul","status":"publish","type":"post","link":"https:\/\/www.newsrecorder.ro\/app\/2026\/04\/05\/lazar-iesi-afara-minunea-care-a-socat-ierusalimul\/","title":{"rendered":"\u201eLaz\u0103r, ie\u0219i afar\u0103!\u201d \u2013 Minunea care a \u0219ocat Ierusalimul!"},"content":{"rendered":"<p>Pentru biserica ortodox\u0103, s\u00e2mb\u0103ta dinaintea <a href=\"https:\/\/www.mediafax.ro\/social\/programul-si-traseul-pelerinajului-de-florii-din-bucuresti-23712958\">Floriilor<\/a> are o semnifica\u021bie deosebit\u0103, dedicat\u0103 dreptului Laz\u0103r, care a fost \u00eenviat de M\u00e2ntuitorul Hristos la patru zile dup\u0103 moartea sa.<\/p>\n<p>Aceast\u0103 zi este plin\u0103 de profunde conota\u021bii spirituale, deoarece Hristos realizeaz\u0103 o minune care provoac\u0103 o revolt\u0103 \u00een r\u00e2ndul liderilor religio\u0219i ai vremii, care sunt \u0219oca\u021bi de puterea divin\u0103 manifestat\u0103 \u00een \u00eenvierea lui Laz\u0103r.<\/p>\n<p>Mul\u021bi dintre ace\u0219ti lideri nu apreciaz\u0103 deloc faptul c\u0103 Hristos c\u00e2\u0219tig\u0103 tot mai mul\u021bi adep\u021bi, iar vechile lor \u00eenv\u0103\u021b\u0103turi sunt l\u0103sate deoparte. Laz\u0103r devine astfel o amenin\u021bare care trebuie eliminat\u0103, iar autorul acestei minuni, Iisus, le perturb\u0103 ordinea stabilit\u0103.<\/p>\n<h2>Minunea care a schimbat totul<\/h2>\n<p>Conform tradi\u021biei cre\u0219tine, Laz\u0103r, fratele Martei \u0219i Mariei, era un apropiat al lui Iisus, pe care acesta \u00eel considera \u201eprieten\u201d. Dup\u0103 ce Laz\u0103r a murit \u0219i a stat deja patru zile \u00een morm\u00e2nt, Hristos l-a \u00eenviat, cu o zi \u00eenainte de intrarea Sa triumfal\u0103 \u00een Ierusalim.<\/p>\n<p>Impactul acestui eveniment a fost colosal, mul\u021bi dintre cei care au aflat de minune aleg\u00e2nd s\u0103 devin\u0103 urma\u0219i ai lui Hristos.<\/p>\n<h2>Primul episcop de Larnaca<\/h2>\n<p>Dup\u0103 \u00eenviere, Sf\u00e2ntul Laz\u0103r a p\u0103r\u0103sit Palestina \u0219i s-a stabilit \u00een Cipru, unde a devenit primul episcop al cet\u0103\u021bii Kiteia, cunoscut\u0103 ast\u0103zi sub numele de Larnaca.<\/p>\n<p>Aici, Laz\u0103r a tr\u0103it aproximativ 30 de ani, r\u0103sp\u00e2ndind cre\u0219tinismul \u00een regiune, \u00eenainte de a muri \u00een pace.<\/p>\n<h2>Moa\u0219te \u0219i tradi\u021bie<\/h2>\n<p>Moa\u0219tele lui Laz\u0103r au fost descoperite \u00een anul 890, \u00eentr-un sicriu din marmur\u0103, av\u00e2nd inscrip\u021bia:<br \/>\n\u201eLaz\u0103r, cel mort de patru zile, prietenul lui Hristos\u201d.<\/p>\n<p>\u00cen jurul anilor 899\u2013900, \u00eemp\u0103ratul bizantin Leon al VI-lea cel \u00cen\u021belept a ordonat mutarea acestora la Constantinopol.<\/p>\n<p>Azi, majoritatea moa\u0219telor se afl\u0103 \u00een biserica din Larnaca, dar exist\u0103 \u0219i fragmente p\u0103strate la M\u0103n\u0103stirea Iviron.<\/p>\n<p>\u00cenvierea lui Laz\u0103r marcheaz\u0103 \u00eenceputul perioadei de Florii \u0219i S\u0103pt\u0103m\u00e2na Patimilor, prefigur\u00e2nd astfel \u00cenvierea Domnului.<\/p>\n<h2>Semnifica\u021bia zilei<\/h2>\n<p>Pentru credincio\u0219i, aceast\u0103 s\u0103rb\u0103toare simbolizeaz\u0103 victoria vie\u021bii asupra mor\u021bii, oferind speran\u021b\u0103 \u00een \u00eenviere \u0219i marc\u00e2nd \u00eenceputul ultimelor zile din via\u021ba p\u0103m\u00e2nteasc\u0103 a lui Iisus.<\/p>\n<p>Astfel, S\u00e2mb\u0103ta lui Laz\u0103r r\u0103m\u00e2ne nu doar o comemorare a unei minuni, ci \u0219i un moment de profund\u0103 reflec\u021bie \u00eenainte de cele mai importante s\u0103rb\u0103tori din calendarul cre\u0219tin \u2013 \u00cenvierea Domnului.<\/p>\n","protected":false},"excerpt":{"rendered":"<p>Pentru biserica ortodox\u0103, s\u00e2mb\u0103ta dinaintea Floriilor are o semnifica\u021bie deosebit\u0103, dedicat\u0103 dreptului Laz\u0103r, care a fost \u00eenviat de M\u00e2ntuitorul Hristos la patru zile dup\u0103 moartea sa. Aceast\u0103 zi este plin\u0103 de profunde conota\u021bii spirituale, deoarece Hristos realizeaz\u0103 o minune care provoac\u0103 o revolt\u0103 \u00een r\u00e2ndul liderilor religio\u0219i ai vremii, care sunt \u0219oca\u021bi de puterea divin\u0103 [&hellip;]<\/p>\n","protected":false},"author":7,"featured_media":12241,"comment_status":"open","ping_status":"open","sticky":false,"template":"","format":"standard","meta":{"jnews-multi-image_gallery":[],"jnews_single_post":[],"jnews_primary_category":[],"jnews_override_counter":[],"footnotes":""},"categories":[43],"tags":[15048,15044,14877,15047,15045,15046,15043,3815],"class_list":["post-12240","post","type-post","status-publish","format-standard","has-post-thumbnail","hentry","category-cultura","tag-adepti","tag-biserica-ortodoxa","tag-invierea-lui-lazar","tag-lideri-religiosi","tag-mantuitorul-hristos","tag-minuni","tag-sambata-lui-lazar","tag-traditie-crestina"],"_links":{"self":[{"href":"https:\/\/www.newsrecorder.ro\/app\/wp-json\/wp\/v2\/posts\/12240","targetHints":{"allow":["GET"]}}],"collection":[{"href":"https:\/\/www.newsrecorder.ro\/app\/wp-json\/wp\/v2\/posts"}],"about":[{"href":"https:\/\/www.newsrecorder.ro\/app\/wp-json\/wp\/v2\/types\/post"}],"author":[{"embeddable":true,"href":"https:\/\/www.newsrecorder.ro\/app\/wp-json\/wp\/v2\/users\/7"}],"replies":[{"embeddable":true,"href":"https:\/\/www.newsrecorder.ro\/app\/wp-json\/wp\/v2\/comments?post=12240"}],"version-history":[{"count":0,"href":"https:\/\/www.newsrecorder.ro\/app\/wp-json\/wp\/v2\/posts\/12240\/revisions"}],"wp:featuredmedia":[{"embeddable":true,"href":"https:\/\/www.newsrecorder.ro\/app\/wp-json\/wp\/v2\/media\/12241"}],"wp:attachment":[{"href":"https:\/\/www.newsrecorder.ro\/app\/wp-json\/wp\/v2\/media?parent=12240"}],"wp:term":[{"taxonomy":"category","embeddable":true,"href":"https:\/\/www.newsrecorder.ro\/app\/wp-json\/wp\/v2\/categories?post=12240"},{"taxonomy":"post_tag","embeddable":true,"href":"https:\/\/www.newsrecorder.ro\/app\/wp-json\/wp\/v2\/tags?post=12240"}],"curies":[{"name":"wp","href":"https:\/\/api.w.org\/{rel}","templated":true}]}}