{"id":12244,"date":"2026-04-05T23:13:17","date_gmt":"2026-04-05T23:13:17","guid":{"rendered":"https:\/\/www.newsrecorder.ro\/app\/2026\/04\/05\/guvernul-promite-restituiri-partiale-pentru-jaful-de-la-cotofenesti\/"},"modified":"2026-04-05T23:13:17","modified_gmt":"2026-04-05T23:13:17","slug":"guvernul-promite-restituiri-partiale-pentru-jaful-de-la-cotofenesti","status":"publish","type":"post","link":"https:\/\/www.newsrecorder.ro\/app\/2026\/04\/05\/guvernul-promite-restituiri-partiale-pentru-jaful-de-la-cotofenesti\/","title":{"rendered":"Guvernul promite restituiri par\u021biale pentru jaful de la Co\u021bofene\u0219ti!"},"content":{"rendered":"<p>Ioana Dogioiu a informat recent c\u0103 autorit\u0103\u021bile sunt \u00een prezent concentrate pe evaluarea obiectelor de patrimoniu recuperate.<\/p>\n<p>\u00cen cadrul unei conferin\u021be de pres\u0103, purt\u0103toarea de cuv\u00e2nt a subliniat c\u0103 o parte din desp\u0103gubirile primite va fi utilizat\u0103 pentru a acoperi costurile evalu\u0103rii, dar \u0219i pentru a compensa valoarea br\u0103\u021b\u0103rii dacice care nu a fost returnat\u0103. <\/p>\n<p>\u201eDin suma respectiv\u0103, \u00een primul r\u00e2nd, se va realiza o evaluare a st\u0103rii obiectelor recuperate. Am \u00een\u021beles c\u0103 la coif exist\u0103 c\u00e2teva probleme minore \u00een zona obr\u0103zarului, dar acestea sunt absolut nesemnificative. Ulterior evalu\u0103rii, se vor efectua eventuale repara\u021bii necesare. Trebuie men\u021bionat c\u0103, \u00een cazul \u00een care a treia br\u0103\u021bar\u0103 nu va fi g\u0103sit\u0103 p\u00e2n\u0103 atunci, suma corespunz\u0103toare acesteia va fi sc\u0103zut\u0103 din total, iar restul va fi restituit\u201d, a declarat Dogioiu, vineri, \u00een cadrul conferin\u021bei.<\/p>\n<p>Oana \u021aoiu, ministrul Afacerilor Externe, a men\u021bionat c\u0103 suma total\u0103 implicat\u0103 se ridic\u0103 la 5,85 milioane de euro.<\/p>\n<p>De asemenea, autorit\u0103\u021bile <a style=\"color: #0000ff\" href=\"https:\/\/www.mediafax.ro\/cultura-media\/update-este-oficial-coiful-de-la-cotofenesti-si-doua-bratari-au-fost-recuperate-23713824\">olandeze<\/a> au anun\u021bat joi c\u0103 au recuperat dou\u0103 br\u0103\u021b\u0103ri \u0219i coiful de la Co\u021bofene\u0219ti.<\/p>\n<p>Este important de men\u021bionat c\u0103 tezaurul dacic fusese furat la sf\u00e2r\u0219itul lunii ianuarie 2025 din Muzeul Drents.<\/p>\n","protected":false},"excerpt":{"rendered":"<p>Ioana Dogioiu a informat recent c\u0103 autorit\u0103\u021bile sunt \u00een prezent concentrate pe evaluarea obiectelor de patrimoniu recuperate. \u00cen cadrul unei conferin\u021be de pres\u0103, purt\u0103toarea de cuv\u00e2nt a subliniat c\u0103 o parte din desp\u0103gubirile primite va fi utilizat\u0103 pentru a acoperi costurile evalu\u0103rii, dar \u0219i pentru a compensa valoarea br\u0103\u021b\u0103rii dacice care nu a fost returnat\u0103. [&hellip;]<\/p>\n","protected":false},"author":7,"featured_media":12245,"comment_status":"open","ping_status":"open","sticky":false,"template":"","format":"standard","meta":{"jnews-multi-image_gallery":[],"jnews_single_post":[],"jnews_primary_category":[],"jnews_override_counter":[],"footnotes":""},"categories":[43],"tags":[2136,14751,678,7521,3529,14752,1740,10636],"class_list":["post-12244","post","type-post","status-publish","format-standard","has-post-thumbnail","hentry","category-cultura","tag-autoritati","tag-bratara-dacica","tag-conferinta-de-presa","tag-despagubiri","tag-evaluare","tag-obiecte-recuperate","tag-patrimoniu","tag-reparatii"],"_links":{"self":[{"href":"https:\/\/www.newsrecorder.ro\/app\/wp-json\/wp\/v2\/posts\/12244","targetHints":{"allow":["GET"]}}],"collection":[{"href":"https:\/\/www.newsrecorder.ro\/app\/wp-json\/wp\/v2\/posts"}],"about":[{"href":"https:\/\/www.newsrecorder.ro\/app\/wp-json\/wp\/v2\/types\/post"}],"author":[{"embeddable":true,"href":"https:\/\/www.newsrecorder.ro\/app\/wp-json\/wp\/v2\/users\/7"}],"replies":[{"embeddable":true,"href":"https:\/\/www.newsrecorder.ro\/app\/wp-json\/wp\/v2\/comments?post=12244"}],"version-history":[{"count":0,"href":"https:\/\/www.newsrecorder.ro\/app\/wp-json\/wp\/v2\/posts\/12244\/revisions"}],"wp:featuredmedia":[{"embeddable":true,"href":"https:\/\/www.newsrecorder.ro\/app\/wp-json\/wp\/v2\/media\/12245"}],"wp:attachment":[{"href":"https:\/\/www.newsrecorder.ro\/app\/wp-json\/wp\/v2\/media?parent=12244"}],"wp:term":[{"taxonomy":"category","embeddable":true,"href":"https:\/\/www.newsrecorder.ro\/app\/wp-json\/wp\/v2\/categories?post=12244"},{"taxonomy":"post_tag","embeddable":true,"href":"https:\/\/www.newsrecorder.ro\/app\/wp-json\/wp\/v2\/tags?post=12244"}],"curies":[{"name":"wp","href":"https:\/\/api.w.org\/{rel}","templated":true}]}}