{"id":12262,"date":"2026-04-05T23:41:20","date_gmt":"2026-04-05T23:41:20","guid":{"rendered":"https:\/\/www.newsrecorder.ro\/app\/2026\/04\/05\/diana-lupescu-dezvaluie-cenzura-comunista-mie-imi-placea-2\/"},"modified":"2026-04-05T23:41:20","modified_gmt":"2026-04-05T23:41:20","slug":"diana-lupescu-dezvaluie-cenzura-comunista-mie-imi-placea-2","status":"publish","type":"post","link":"https:\/\/www.newsrecorder.ro\/app\/2026\/04\/05\/diana-lupescu-dezvaluie-cenzura-comunista-mie-imi-placea-2\/","title":{"rendered":"Diana Lupescu dezv\u0103luie: &#8222;Cenzura comunist\u0103? Mie \u00eemi pl\u0103cea!&#8221;"},"content":{"rendered":"<p>Diana Lupescu a dezv\u0103luit, \u00een cadrul podcastului \u201e<a style=\"color: #0000ff\" href=\"https:\/\/www.youtube.com\/watch?v=qufWp6gXPWQ&amp;t=2864s\">Altceva cu Adrian Artene<\/a>\u201d, difuzat de publica\u021bia G\u00e2ndul, o perspectiv\u0103 interesant\u0103 despre perioada comunist\u0103 \u0219i impactul normelor impuse asupra arti\u0219tilor. Ea a afirmat: \u201eSincer, chiar dac\u0103 erau, mie \u00eemi pl\u0103ceau. C\u0103 n-aveai voie s\u0103 \u00eenjuri, c\u0103 n-aveai voie s\u0103 vorbe\u0219ti ur\u00e2t, c\u0103 n-aveai voie s\u0103 aduci \u00een discu\u021bie lucruri care puteau st\u00e2rni revolte \u0219i alte lucruri\u201d.<\/p>\n<p>Actri\u021ba a subliniat influen\u021ba semnificativ\u0103 pe care arti\u0219tii o aveau asupra publicului, afirm\u00e2nd c\u0103 \u201eactorii erau foarte iubi\u021bi \u0219i piesele de teatru \u0219i filmele de multe ori incitau la tot felul de comportamente, mai mult sau mai pu\u021bin, dar mi se p\u0103rea c\u0103 nu trebuie s\u0103 se intersecteze lucrurile astea\u201d.<\/p>\n<p>\u00cen ciuda cenzurii cu care se confruntau mul\u021bi colegi de breasl\u0103, Diana Lupescu a declarat c\u0103 nu s-a sim\u021bit o victim\u0103 a normelor regimului comunist. \u201eUnii zic c\u0103 m-am sim\u021bit tulburat, m-am sim\u021bit dat deoparte, c\u0103 m-am luptat cu regimul. Nu, nu m-am luptat nici cu regimul, nici nu pot s\u0103 spun c\u0103 mi s-au pus be\u021be \u00een roate, cel pu\u021bin eu n-am \u0219tiut\u201d, a explicat ea.<\/p>\n<p>Artista a ad\u0103ugat c\u0103 obstacolele pe care le-a \u00eent\u00e2mpinat nu proveneau din partea regimului, ci mai degrab\u0103 de la colegii s\u0103i: \u201eMai degrab\u0103 din partea celor apropia\u021bi, din partea colegilor, dec\u00e2t din punct de vedere politic. Adic\u0103 n-am resim\u021bit cenzura asta\u201d.<\/p>\n<p>\u201eCred c\u0103, \u00een general, marii actori care erau cu totul \u00een alt nivel dec\u00e2t mine, n-au avut astfel de probleme\u201d, a mai afirmat Diana Lupescu, eviden\u021biind o distinc\u021bie \u00eentre carierele arti\u0219tilor de top \u0219i ale celor mai pu\u021bin cunoscu\u021bi.<\/p>\n<p><a href=\"https:\/\/youtu.be\/qufWp6gXPWQ?si=jeEbN7pYxUri-nW1\">URM\u0102RE\u0218TE AICI \u00ceNTREGUL DIALOG!<\/a><\/p>\n","protected":false},"excerpt":{"rendered":"<p>Diana Lupescu a dezv\u0103luit, \u00een cadrul podcastului \u201eAltceva cu Adrian Artene\u201d, difuzat de publica\u021bia G\u00e2ndul, o perspectiv\u0103 interesant\u0103 despre perioada comunist\u0103 \u0219i impactul normelor impuse asupra arti\u0219tilor. Ea a afirmat: \u201eSincer, chiar dac\u0103 erau, mie \u00eemi pl\u0103ceau. C\u0103 n-aveai voie s\u0103 \u00eenjuri, c\u0103 n-aveai voie s\u0103 vorbe\u0219ti ur\u00e2t, c\u0103 n-aveai voie s\u0103 aduci \u00een discu\u021bie [&hellip;]<\/p>\n","protected":false},"author":7,"featured_media":12263,"comment_status":"open","ping_status":"open","sticky":false,"template":"","format":"standard","meta":{"jnews-multi-image_gallery":[],"jnews_single_post":[],"jnews_primary_category":[],"jnews_override_counter":[],"footnotes":""},"categories":[43],"tags":[1610,1958,9863,14924,3227,1341,10297,576],"class_list":["post-12262","post","type-post","status-publish","format-standard","has-post-thumbnail","hentry","category-cultura","tag-artisti","tag-cenzura","tag-comunism","tag-diana-lupescu","tag-influenta","tag-podcast","tag-regimul-comunist","tag-teatru"],"_links":{"self":[{"href":"https:\/\/www.newsrecorder.ro\/app\/wp-json\/wp\/v2\/posts\/12262","targetHints":{"allow":["GET"]}}],"collection":[{"href":"https:\/\/www.newsrecorder.ro\/app\/wp-json\/wp\/v2\/posts"}],"about":[{"href":"https:\/\/www.newsrecorder.ro\/app\/wp-json\/wp\/v2\/types\/post"}],"author":[{"embeddable":true,"href":"https:\/\/www.newsrecorder.ro\/app\/wp-json\/wp\/v2\/users\/7"}],"replies":[{"embeddable":true,"href":"https:\/\/www.newsrecorder.ro\/app\/wp-json\/wp\/v2\/comments?post=12262"}],"version-history":[{"count":0,"href":"https:\/\/www.newsrecorder.ro\/app\/wp-json\/wp\/v2\/posts\/12262\/revisions"}],"wp:featuredmedia":[{"embeddable":true,"href":"https:\/\/www.newsrecorder.ro\/app\/wp-json\/wp\/v2\/media\/12263"}],"wp:attachment":[{"href":"https:\/\/www.newsrecorder.ro\/app\/wp-json\/wp\/v2\/media?parent=12262"}],"wp:term":[{"taxonomy":"category","embeddable":true,"href":"https:\/\/www.newsrecorder.ro\/app\/wp-json\/wp\/v2\/categories?post=12262"},{"taxonomy":"post_tag","embeddable":true,"href":"https:\/\/www.newsrecorder.ro\/app\/wp-json\/wp\/v2\/tags?post=12262"}],"curies":[{"name":"wp","href":"https:\/\/api.w.org\/{rel}","templated":true}]}}