{"id":12296,"date":"2026-04-06T06:41:03","date_gmt":"2026-04-06T06:41:03","guid":{"rendered":"https:\/\/www.newsrecorder.ro\/app\/2026\/04\/06\/fermierii-din-ue-cer-ajutor-urgent-criza-agricola-devine-alarmanta\/"},"modified":"2026-04-06T06:41:03","modified_gmt":"2026-04-06T06:41:03","slug":"fermierii-din-ue-cer-ajutor-urgent-criza-agricola-devine-alarmanta","status":"publish","type":"post","link":"https:\/\/www.newsrecorder.ro\/app\/2026\/04\/06\/fermierii-din-ue-cer-ajutor-urgent-criza-agricola-devine-alarmanta\/","title":{"rendered":"Fermierii din UE cer ajutor urgent: criza agricol\u0103 devine alarmant\u0103!"},"content":{"rendered":"<p>Amaury Poncelet, un fermier belgian specializat \u00een cultivarea cerealelor, a tras un semnal de alarm\u0103 asupra situa\u021biei actuale din sectorul agricol, declar\u00e2nd pentru AFP c\u0103 \u201esitua\u021bia este foarte grav\u0103\u201d. Acesta a men\u021bionat c\u0103 pre\u021bul \u00eengr\u0103\u0219\u0103mintelor a crescut semnificativ, ating\u00e2nd 380 de euro pe ton\u0103 \u00een aceast\u0103 iarn\u0103, comparativ cu 330 de euro \u00een vara anterioar\u0103. Conform lui Poncelet, escaladarea tensiunilor din Iran a avut un impact direct asupra acestor cre\u0219teri de pre\u021b.<\/p>\n<p>Blocarea Str\u00e2mtorii Ormuz de c\u0103tre Iran, ca r\u0103spuns la atacurile americano-israeliene, a avut repercusiuni majore asupra pie\u021bei globale. Aproape o treime din \u00eengr\u0103\u0219\u0103mintele transportate pe mare ajung pe pie\u021bele interna\u021bionale prin acest punct strategic, ceea ce a generat \u00eengrijor\u0103ri din partea ONU, \u00een special \u00een ceea ce prive\u0219te efectele asupra \u021b\u0103rilor \u00een dezvoltare.<\/p>\n<p>\u00cen Europa, <strong>pre\u021bul \u00eengr\u0103\u0219\u0103mintelor pe baz\u0103 de azot, produse din gaze, a crescut cu aproximativ 20% \u00een ultima lun\u0103, apropiindu-se de 500 de euro pe ton\u0103<\/strong>. Aceasta reprezint\u0103 o nou\u0103 provocare pentru fermieri, deja afecta\u021bi de scumpirile cauzate de r\u0103zboiul din Ucraina.<\/p>\n<p>Produc\u0103torii de cereale, care sunt mari consumatori de \u00eengr\u0103\u0219\u0103minte, se confrunt\u0103 cu dificult\u0103\u021bi severe, a explicat Luc Vernet, reprezentant al think tank-ului Farm Europe. Acesta a subliniat c\u0103 \u201efermieri nu au reu\u0219it s\u0103-\u0219i asigure un trai decent \u00een ultimii trei ani\u201d. \u00cen Fran\u021ba, aproape 300.000 de hectare de teren agricol utilizate anterior pentru cultivarea cerealelor au fost l\u0103sate p\u00e2rloag\u0103 sau abandonate din 2022, a ad\u0103ugat Vernet.<\/p>\n<p>\u00cen contextul acestei crize, Bruxelles-ul se confrunt\u0103 din nou cu apeluri la interven\u021bie. Comisia European\u0103 a impus deja taxe vamale mari pentru \u00eengr\u0103\u0219\u0103mintele provenite din Rusia, un important produc\u0103tor global, \u0219i are \u00een vedere oprirea importurilor p\u00e2n\u0103 \u00een 2022, \u00een \u00eencercarea de a reduce veniturile care sus\u021bin ma\u0219ina de r\u0103zboi a Moscovei.<\/p>\n<p>Fran\u021ba, \u00eempreun\u0103 cu organiza\u021biile fermierilor, solicit\u0103 acum suspendarea aplic\u0103rii taxei europene pe carbon pentru \u00eengr\u0103\u0219\u0103minte. Cu toate acestea, Comisia a exclus deocamdat\u0103 aceast\u0103 op\u021biune.<\/p>\n<p>Sus\u021bin\u0103torii taxei argumenteaz\u0103 c\u0103 aceasta are drept scop limitarea importurilor cu emisii mari de carbon \u0219i protejarea industriei europene, care se confrunt\u0103 cu reglement\u0103ri stricte de mediu. \u00cen opinia lor, dezvoltarea produc\u021biei interne este esen\u021bial\u0103 pentru ca Europa s\u0103 evite o criz\u0103 similar\u0103 \u00een viitor.<\/p>\n<p>Conflictul cu Iranul a eviden\u021biat clar importan\u021ba unei produc\u021bii interne solide de \u00eengr\u0103\u0219\u0103minte pentru Europa, a transmis Fertilizers Europe, organiza\u021bie reprezentativ\u0103 a sectorului.<\/p>\n<p>O purt\u0103toare de cuv\u00e2nt a Comisiei Europene a declarat c\u0103 executivul comunitar monitorizeaz\u0103 constant evolu\u021bia pre\u021burilor \u0219i c\u0103 a implementat deja mai multe m\u0103suri pentru a sprijini fermierii \u00een ceea ce prive\u0219te accesibilitatea \u00eengr\u0103\u0219\u0103mintelor. Aceste m\u0103suri includ suspendarea taxelor la import pentru toate produsele, cu excep\u021bia celor din Rusia \u0219i Belarus, \u0219i ajustarea mecanismului de taxare la frontier\u0103 pentru a reduce impactul acestora.<\/p>\n<p>Comisia promite un plan de ac\u021biune \u00een luna mai, care va aborda \u201evulnerabilit\u0103\u021bile structurale \u0219i dezechilibrele de pia\u021b\u0103\u201d \u0219i va urm\u0103ri cre\u0219terea produc\u021biei interne, inclusiv prin alternative cu emisii reduse de carbon.<\/p>\n<p>P\u00e2n\u0103 atunci, \u00eens\u0103, sectorul agricol r\u0103m\u00e2ne sub presiune. Luc Vernet a men\u021bionat c\u0103 unele ini\u021biative \u201everzi\u201d din domeniu au fost deja abandonate din cauza costurilor ridicate, iar altele sunt abia la \u00eenceput.<\/p>\n","protected":false},"excerpt":{"rendered":"<p>Amaury Poncelet, un fermier belgian specializat \u00een cultivarea cerealelor, a tras un semnal de alarm\u0103 asupra situa\u021biei actuale din sectorul agricol, declar\u00e2nd pentru AFP c\u0103 \u201esitua\u021bia este foarte grav\u0103\u201d. Acesta a men\u021bionat c\u0103 pre\u021bul \u00eengr\u0103\u0219\u0103mintelor a crescut semnificativ, ating\u00e2nd 380 de euro pe ton\u0103 \u00een aceast\u0103 iarn\u0103, comparativ cu 330 de euro \u00een vara anterioar\u0103. [&hellip;]<\/p>\n","protected":false},"author":4,"featured_media":12297,"comment_status":"open","ping_status":"open","sticky":false,"template":"","format":"standard","meta":{"jnews-multi-image_gallery":[],"jnews_single_post":[],"jnews_primary_category":[],"jnews_override_counter":[],"footnotes":""},"categories":[40],"tags":[15102,9568,9767,7823,913,535,8772,321],"class_list":["post-12296","post","type-post","status-publish","format-standard","has-post-thumbnail","hentry","category-econonie","tag-agravicultura","tag-criza-alimentara","tag-fermieri","tag-ingrasaminte","tag-iran","tag-preturi","tag-stramtoarea-ormuz","tag-uniunea-europeana"],"_links":{"self":[{"href":"https:\/\/www.newsrecorder.ro\/app\/wp-json\/wp\/v2\/posts\/12296","targetHints":{"allow":["GET"]}}],"collection":[{"href":"https:\/\/www.newsrecorder.ro\/app\/wp-json\/wp\/v2\/posts"}],"about":[{"href":"https:\/\/www.newsrecorder.ro\/app\/wp-json\/wp\/v2\/types\/post"}],"author":[{"embeddable":true,"href":"https:\/\/www.newsrecorder.ro\/app\/wp-json\/wp\/v2\/users\/4"}],"replies":[{"embeddable":true,"href":"https:\/\/www.newsrecorder.ro\/app\/wp-json\/wp\/v2\/comments?post=12296"}],"version-history":[{"count":0,"href":"https:\/\/www.newsrecorder.ro\/app\/wp-json\/wp\/v2\/posts\/12296\/revisions"}],"wp:featuredmedia":[{"embeddable":true,"href":"https:\/\/www.newsrecorder.ro\/app\/wp-json\/wp\/v2\/media\/12297"}],"wp:attachment":[{"href":"https:\/\/www.newsrecorder.ro\/app\/wp-json\/wp\/v2\/media?parent=12296"}],"wp:term":[{"taxonomy":"category","embeddable":true,"href":"https:\/\/www.newsrecorder.ro\/app\/wp-json\/wp\/v2\/categories?post=12296"},{"taxonomy":"post_tag","embeddable":true,"href":"https:\/\/www.newsrecorder.ro\/app\/wp-json\/wp\/v2\/tags?post=12296"}],"curies":[{"name":"wp","href":"https:\/\/api.w.org\/{rel}","templated":true}]}}