{"id":12306,"date":"2026-04-06T07:37:47","date_gmt":"2026-04-06T07:37:47","guid":{"rendered":"https:\/\/www.newsrecorder.ro\/app\/2026\/04\/06\/mihai-fifor-atac-dur-la-adresa-usr-izvor-de-nenorociri-morale\/"},"modified":"2026-04-06T07:37:47","modified_gmt":"2026-04-06T07:37:47","slug":"mihai-fifor-atac-dur-la-adresa-usr-izvor-de-nenorociri-morale","status":"publish","type":"post","link":"https:\/\/www.newsrecorder.ro\/app\/2026\/04\/06\/mihai-fifor-atac-dur-la-adresa-usr-izvor-de-nenorociri-morale\/","title":{"rendered":"Mihai Fifor, atac dur la adresa USR: \u201eIzvor de nenorociri morale!\u201d"},"content":{"rendered":"<p>\u00centr-un mesaj recent, Mihai Fifor a eviden\u021biat mai mul\u021bi politicieni din cadrul USR, acuz\u00e2ndu-i de implicare \u00een controverse \u0219i probleme de integritate. Printre ace\u0219tia se num\u0103r\u0103 <strong>Dominic Fritz<\/strong>, <strong>Ionu\u021b Mo\u0219teanu<\/strong>, <strong>Clotilde Armand<\/strong>, dar \u0219i fo\u0219ti mini\u0219tri ai S\u0103n\u0103t\u0103\u021bii, precum <strong>Vlad Voiculescu<\/strong> \u0219i <strong>Ioana Mih\u0103il\u0103<\/strong>.<\/p>\n<p>Fifor sus\u021bine c\u0103 aceste cazuri ilustreaz\u0103 un tipar politic specific partidului USR, caracterizat prin acuza\u021bii aduse adversarilor, urmate de propriile scandaluri interne.<\/p>\n<p>Cea mai vehement\u0103 parte a declara\u021biei sale \u00eel vizeaz\u0103 pe ministrul Ap\u0103r\u0103rii \u0219i vicepremierul <strong>Radu Miru\u021b\u0103<\/strong>. Deputatul PSD a afirmat c\u0103 acesta ar putea fi implicat \u00eentr-o situa\u021bie care ar putea conduce la demisia sa sau la demiterea din func\u021bie, \u00een cazul \u00een care acuza\u021biile formulate public se dovedesc a fi adev\u0103rate.<\/p>\n<p>Conform lui Fifor, o anchet\u0103 jurnalistic\u0103 difuzat\u0103 la Antena 3 CNN a st\u00e2rnit suspiciuni legate de:<\/p>\n<ul>\n<li>declara\u021bii publice contradictorii,<\/li>\n<li>posibile incompatibilit\u0103\u021bi,<\/li>\n<li>venituri nedeclarate,<\/li>\n<li>implicarea \u00eentr-un dosar penal sensibil.<\/li>\n<\/ul>\n<p>Social-democratul a subliniat c\u0103 aceste aspecte afecteaz\u0103 credibilitatea unui ministru responsabil de una dintre cele mai importante institu\u021bii ale statului rom\u00e2n.<\/p>\n<p>Fifor a declarat c\u0103 situa\u021bia dep\u0103\u0219e\u0219te o simpl\u0103 disput\u0103 politic\u0103 \u0219i devine o problem\u0103 de responsabilitate public\u0103, av\u00e2nd \u00een vedere rolul esen\u021bial al Ministerului Ap\u0103r\u0103rii. El a afirmat c\u0103, \u00eentr-un \u201estat serios\u201d, acuza\u021biile de acest tip ar trebui clarificate rapid, inclusiv prin demisie sau demitere, \u00een cazul \u00een care se confirm\u0103.<\/p>\n<p>\u201e\u00cen interiorul Armatei Rom\u00e2ne, onoarea nu este un slogan \u2013 este o condi\u021bie de baz\u0103. Cum poate cere un ministru al Ap\u0103r\u0103rii respectarea regulilor, c\u00e2nd el \u00eensu\u0219i le ocole\u0219te? Cum poate cere loialitate \u0219i disciplin\u0103, c\u00e2nd propriul s\u0103u parcurs este marcat de ambiguit\u0103\u021bi \u0219i neadev\u0103ruri? Cum poate reprezenta Rom\u00e2nia \u00een fa\u021ba alia\u021bilor, c\u00e2nd credibilitatea sa este pus\u0103 sub semnul \u00eentreb\u0103rii? Aici nu mai este doar o problem\u0103 de imagine. Este o problem\u0103 de securitate institu\u021bional\u0103. \u0218i, inevitabil, apare \u00eentrebarea: dac\u0103 aceste lucruri sunt reale \u2013 \u0219i documentele indic\u0103 asta \u2013 c\u00e2t timp mai poate r\u0103m\u00e2ne \u00een func\u021bie? Pentru c\u0103 \u00eentr-un stat serios, astfel de situa\u021bii nu se gestioneaz\u0103 cu explica\u021bii. Se gestioneaz\u0103 cu demisii sau demiteri. (\u2026) \u00cen cazul lui Miru\u021b\u0103, aceast\u0103 ipocrizie nu mai este doar ridicol\u0103. Este profund periculoas\u0103. \u00centrebarea e: USR-i\u0219tilor\u2026 mai ave\u021bi? Sau acesta este, \u00een realitate, standardul vostru moral \u0219i etic pentru conducerea Rom\u00e2niei?\u201d, a concluzionat Fifor.<\/p>\n","protected":false},"excerpt":{"rendered":"<p>\u00centr-un mesaj recent, Mihai Fifor a eviden\u021biat mai mul\u021bi politicieni din cadrul USR, acuz\u00e2ndu-i de implicare \u00een controverse \u0219i probleme de integritate. Printre ace\u0219tia se num\u0103r\u0103 Dominic Fritz, Ionu\u021b Mo\u0219teanu, Clotilde Armand, dar \u0219i fo\u0219ti mini\u0219tri ai S\u0103n\u0103t\u0103\u021bii, precum Vlad Voiculescu \u0219i Ioana Mih\u0103il\u0103. Fifor sus\u021bine c\u0103 aceste cazuri ilustreaz\u0103 un tipar politic specific partidului [&hellip;]<\/p>\n","protected":false},"author":2,"featured_media":12307,"comment_status":"open","ping_status":"open","sticky":false,"template":"","format":"standard","meta":{"jnews-multi-image_gallery":[],"jnews_single_post":[],"jnews_primary_category":[],"jnews_override_counter":[],"footnotes":""},"categories":[39],"tags":[15110,3939,1960,15109,1072,4739,15111,2823],"class_list":["post-12306","post","type-post","status-publish","format-standard","has-post-thumbnail","hentry","category-stirile-zilei","tag-clotilde-armand","tag-dominic-fritz","tag-integritate","tag-ionut-mosteanu","tag-mihai-fifor","tag-radu-miruta","tag-scandaluri-interne","tag-usr"],"_links":{"self":[{"href":"https:\/\/www.newsrecorder.ro\/app\/wp-json\/wp\/v2\/posts\/12306","targetHints":{"allow":["GET"]}}],"collection":[{"href":"https:\/\/www.newsrecorder.ro\/app\/wp-json\/wp\/v2\/posts"}],"about":[{"href":"https:\/\/www.newsrecorder.ro\/app\/wp-json\/wp\/v2\/types\/post"}],"author":[{"embeddable":true,"href":"https:\/\/www.newsrecorder.ro\/app\/wp-json\/wp\/v2\/users\/2"}],"replies":[{"embeddable":true,"href":"https:\/\/www.newsrecorder.ro\/app\/wp-json\/wp\/v2\/comments?post=12306"}],"version-history":[{"count":0,"href":"https:\/\/www.newsrecorder.ro\/app\/wp-json\/wp\/v2\/posts\/12306\/revisions"}],"wp:featuredmedia":[{"embeddable":true,"href":"https:\/\/www.newsrecorder.ro\/app\/wp-json\/wp\/v2\/media\/12307"}],"wp:attachment":[{"href":"https:\/\/www.newsrecorder.ro\/app\/wp-json\/wp\/v2\/media?parent=12306"}],"wp:term":[{"taxonomy":"category","embeddable":true,"href":"https:\/\/www.newsrecorder.ro\/app\/wp-json\/wp\/v2\/categories?post=12306"},{"taxonomy":"post_tag","embeddable":true,"href":"https:\/\/www.newsrecorder.ro\/app\/wp-json\/wp\/v2\/tags?post=12306"}],"curies":[{"name":"wp","href":"https:\/\/api.w.org\/{rel}","templated":true}]}}