{"id":12318,"date":"2026-04-06T11:08:27","date_gmt":"2026-04-06T11:08:27","guid":{"rendered":"https:\/\/www.newsrecorder.ro\/app\/2026\/04\/06\/bucuresti-vreme-capricioasa-in-saptamana-patimilor-primavara-vs-frig\/"},"modified":"2026-04-06T11:08:27","modified_gmt":"2026-04-06T11:08:27","slug":"bucuresti-vreme-capricioasa-in-saptamana-patimilor-primavara-vs-frig","status":"publish","type":"post","link":"https:\/\/www.newsrecorder.ro\/app\/2026\/04\/06\/bucuresti-vreme-capricioasa-in-saptamana-patimilor-primavara-vs-frig\/","title":{"rendered":"Bucure\u0219ti: Vreme capricioas\u0103 \u00een S\u0103pt\u0103m\u00e2na Patimilor \u2013 prim\u0103var\u0103 vs. frig!"},"content":{"rendered":"<p>Locuitorii Capitalei se preg\u0103tesc pentru o schimbare rapid\u0103 a vremii \u00een perioada 6-9 aprilie, conform prognozei furnizate de Administra\u021bia Na\u021bional\u0103 de Meteorologie.<\/p>\n<p>\u00cen prima zi a acestui interval, cunoscut\u0103 ca Lunea Mare, vremea va fi pl\u0103cut\u0103, cu temperaturi ce vor dep\u0103\u0219i normalul sezonier. Cerul va fi senin \u00een timpul zilei, av\u00e2nd o variabilitate nocturn\u0103. V\u00e2ntul va sufla moderat, ating\u00e2nd viteze de p\u00e2n\u0103 la 40 km\/h. Valorile maxime ale temperaturii vor ajunge \u00eentre 22 \u0219i 23 de grade, \u00een timp ce minimele se vor situa \u00eentre 7 \u0219i 9 grade.<\/p>\n<p>\u00cencep\u00e2nd cu data de 7 aprilie, mar\u021bi, se preconizeaz\u0103 o schimbare a vremii. Temperaturile vor sc\u0103dea, revenind la valori mai apropiate de media sezonier\u0103. Cerul va deveni temporar noros, iar spre finalul acestei perioade sunt a\u0219teptate precipita\u021bii, predominant sub form\u0103 de ploaie, dar \u0219i mixte, incluz\u00e2nd lapovi\u021b\u0103 \u0219i ninsoare. V\u00e2ntul va continua s\u0103 fie intens, cu rafale de p\u00e2n\u0103 la 45 km\/h. Maxima zilei se va men\u021bine \u00een jurul valorii de 18 grade, iar minima va sc\u0103dea \u00eentre 2 \u0219i 5 grade.<\/p>\n<p>R\u0103cirea vremii va continua \u0219i \u00een zilele de 8 \u0219i 9 aprilie. Temperaturile diurne vor cobor\u00ee sub valorile normale pentru aceast\u0103 perioad\u0103. Cerul va fi predominant \u00eennorat, iar ploi slabe vor fi posibile.<\/p>\n<p>V\u00e2ntul va r\u0103m\u00e2ne moderat, cu intensific\u0103ri care pot atinge 45 km\/h. Maximele nu vor dep\u0103\u0219i 13-14 grade, iar minimele vor ajunge \u00een jurul valorii de 3 grade.<\/p>\n<p>Pe parcursul \u00eentregii perioade, \u00eentre 6 aprilie, ora 10:00, \u0219i 9 aprilie, ora 10:00, este \u00een vigoare o informare meteorologic\u0103 referitoare la intensific\u0103rile v\u00e2ntului \u0219i r\u0103cirea vremii. Autorit\u0103\u021bile au anun\u021bat c\u0103 situa\u021bia va fi monitorizat\u0103 constant, cu posibilitatea de actualiz\u0103ri ale prognozei \u00een func\u021bie de evolu\u021bia fenomenelor, inclusiv prin emiterea de avertiz\u0103ri de tip nowcasting.<\/p>\n","protected":false},"excerpt":{"rendered":"<p>Locuitorii Capitalei se preg\u0103tesc pentru o schimbare rapid\u0103 a vremii \u00een perioada 6-9 aprilie, conform prognozei furnizate de Administra\u021bia Na\u021bional\u0103 de Meteorologie. \u00cen prima zi a acestui interval, cunoscut\u0103 ca Lunea Mare, vremea va fi pl\u0103cut\u0103, cu temperaturi ce vor dep\u0103\u0219i normalul sezonier. Cerul va fi senin \u00een timpul zilei, av\u00e2nd o variabilitate nocturn\u0103. V\u00e2ntul [&hellip;]<\/p>\n","protected":false},"author":5,"featured_media":12319,"comment_status":"open","ping_status":"open","sticky":false,"template":"","format":"standard","meta":{"jnews-multi-image_gallery":[],"jnews_single_post":[],"jnews_primary_category":[],"jnews_override_counter":[],"footnotes":""},"categories":[45],"tags":[1375,4334,15122,135,141,15121,126,137],"class_list":["post-12318","post","type-post","status-publish","format-standard","has-post-thumbnail","hentry","category-meteo","tag-aprilie","tag-cer-noros","tag-lunea-mare","tag-precipitatii","tag-prognoza-meteo","tag-schimbare-vremii","tag-temperaturi","tag-vant"],"_links":{"self":[{"href":"https:\/\/www.newsrecorder.ro\/app\/wp-json\/wp\/v2\/posts\/12318","targetHints":{"allow":["GET"]}}],"collection":[{"href":"https:\/\/www.newsrecorder.ro\/app\/wp-json\/wp\/v2\/posts"}],"about":[{"href":"https:\/\/www.newsrecorder.ro\/app\/wp-json\/wp\/v2\/types\/post"}],"author":[{"embeddable":true,"href":"https:\/\/www.newsrecorder.ro\/app\/wp-json\/wp\/v2\/users\/5"}],"replies":[{"embeddable":true,"href":"https:\/\/www.newsrecorder.ro\/app\/wp-json\/wp\/v2\/comments?post=12318"}],"version-history":[{"count":0,"href":"https:\/\/www.newsrecorder.ro\/app\/wp-json\/wp\/v2\/posts\/12318\/revisions"}],"wp:featuredmedia":[{"embeddable":true,"href":"https:\/\/www.newsrecorder.ro\/app\/wp-json\/wp\/v2\/media\/12319"}],"wp:attachment":[{"href":"https:\/\/www.newsrecorder.ro\/app\/wp-json\/wp\/v2\/media?parent=12318"}],"wp:term":[{"taxonomy":"category","embeddable":true,"href":"https:\/\/www.newsrecorder.ro\/app\/wp-json\/wp\/v2\/categories?post=12318"},{"taxonomy":"post_tag","embeddable":true,"href":"https:\/\/www.newsrecorder.ro\/app\/wp-json\/wp\/v2\/tags?post=12318"}],"curies":[{"name":"wp","href":"https:\/\/api.w.org\/{rel}","templated":true}]}}