{"id":12330,"date":"2026-04-06T11:41:21","date_gmt":"2026-04-06T11:41:21","guid":{"rendered":"https:\/\/www.newsrecorder.ro\/app\/2026\/04\/06\/deputat-roman-acuzat-ca-a-instigat-la-atacuri-impotriva-institutiilor\/"},"modified":"2026-04-06T11:41:21","modified_gmt":"2026-04-06T11:41:21","slug":"deputat-roman-acuzat-ca-a-instigat-la-atacuri-impotriva-institutiilor","status":"publish","type":"post","link":"https:\/\/www.newsrecorder.ro\/app\/2026\/04\/06\/deputat-roman-acuzat-ca-a-instigat-la-atacuri-impotriva-institutiilor\/","title":{"rendered":"Deputat rom\u00e2n acuzat c\u0103 a instigat la atacuri \u00eempotriva institu\u021biilor!"},"content":{"rendered":"<p>Procurorul responsabil din cadrul Parchetului de pe l\u00e2ng\u0103 \u00cenalta Curte de Casa\u0163ie \u015fi Justi\u0163ie a anun\u021bat finalizarea cercet\u0103rilor \u0219i a decis trimiterea \u00een judecat\u0103, \u00een stare de libertate, a unui deputat din Parlamentul Rom\u00e2niei, acuzat de instigare public\u0103. Conform surselor din apropierea anchetei, persoana vizat\u0103 este Tiberiu Bo\u015futar, deputat AUR din Bistri\u0163a-N\u0103s\u0103ud.<\/p>\n<p>Evenimentul care a generat aceast\u0103 ac\u021biune a avut loc \u00een decembrie 2024, \u00een contextul anul\u0103rii turului doi al alegerilor preziden\u021biale.<\/p>\n<p>Pe 7 decembrie 2024, \u00een jurul orei 13:00, Tiberiu Bo\u015futar s-a aflat pe strada G\u0103rii din municipiul Bistri\u021ba, \u00een fa\u021ba Institu\u021biei Prefectului Bistri\u021ba-N\u0103s\u0103ud \u0219i a Biroului Electoral Jude\u021bean Bistri\u021ba-N\u0103s\u0103ud. Profit\u00e2nd de tensiunea generat\u0103 de anularea alegerilor, el a folosit o transmisiune live pe o platform\u0103 de socializare, unde avea un profil urm\u0103rit de aproximativ 84.800 de persoane. \u00cen cadrul acestei transmisiuni, deputatul a instigat publicul s\u0103 comit\u0103 infrac\u021biuni, \u00eencuraj\u00e2ndu-i s\u0103 provoace revolte violente \u0219i s\u0103 incendieze cl\u0103dirile institu\u021biilor publice. Printre \u00eendemnurile sale, se remarc\u0103 o fraz\u0103 provocatoare: \u201eB\u0103, ar trebui s\u0103 arunc\u0103m \u00een aer cl\u0103dirile astea\u201d, conform declara\u021biilor oficiale ale Parchetului.<\/p>\n<p>\u00cen rechizitoriul \u00eentocmit, procurorii subliniaz\u0103 c\u0103 instigarea la fapte penale a afectat grav ordinea \u0219i lini\u0219tea public\u0103, cre\u00e2nd un climat de tensiune. De asemenea, se men\u021bioneaz\u0103 c\u0103 dreptul la liber\u0103 exprimare nu este absolut \u0219i poate fi restric\u021bionat \u00een anumite circumstan\u021be, cum ar fi prevenirea s\u0103v\u00e2r\u0219irii de infrac\u021biuni.<\/p>\n<p>Este important de notat c\u0103, la momentul comiterii faptelor, inculpatul nu de\u021binea \u00eenc\u0103 calitatea de deputat.<\/p>\n","protected":false},"excerpt":{"rendered":"<p>Procurorul responsabil din cadrul Parchetului de pe l\u00e2ng\u0103 \u00cenalta Curte de Casa\u0163ie \u015fi Justi\u0163ie a anun\u021bat finalizarea cercet\u0103rilor \u0219i a decis trimiterea \u00een judecat\u0103, \u00een stare de libertate, a unui deputat din Parlamentul Rom\u00e2niei, acuzat de instigare public\u0103. Conform surselor din apropierea anchetei, persoana vizat\u0103 este Tiberiu Bo\u015futar, deputat AUR din Bistri\u0163a-N\u0103s\u0103ud. Evenimentul care a [&hellip;]<\/p>\n","protected":false},"author":2,"featured_media":12331,"comment_status":"open","ping_status":"open","sticky":false,"template":"","format":"standard","meta":{"jnews-multi-image_gallery":[],"jnews_single_post":[],"jnews_primary_category":[],"jnews_override_counter":[],"footnotes":""},"categories":[42],"tags":[2619,15136,15135,1319,2354,2054,6928,15134],"class_list":["post-12330","post","type-post","status-publish","format-standard","has-post-thumbnail","hentry","category-politica","tag-alegeri-prezidentiale","tag-bistrita-nasaud","tag-instigare-publica","tag-justitie","tag-libertate","tag-parchet","tag-socializare","tag-tiberiu-bosutar"],"_links":{"self":[{"href":"https:\/\/www.newsrecorder.ro\/app\/wp-json\/wp\/v2\/posts\/12330","targetHints":{"allow":["GET"]}}],"collection":[{"href":"https:\/\/www.newsrecorder.ro\/app\/wp-json\/wp\/v2\/posts"}],"about":[{"href":"https:\/\/www.newsrecorder.ro\/app\/wp-json\/wp\/v2\/types\/post"}],"author":[{"embeddable":true,"href":"https:\/\/www.newsrecorder.ro\/app\/wp-json\/wp\/v2\/users\/2"}],"replies":[{"embeddable":true,"href":"https:\/\/www.newsrecorder.ro\/app\/wp-json\/wp\/v2\/comments?post=12330"}],"version-history":[{"count":0,"href":"https:\/\/www.newsrecorder.ro\/app\/wp-json\/wp\/v2\/posts\/12330\/revisions"}],"wp:featuredmedia":[{"embeddable":true,"href":"https:\/\/www.newsrecorder.ro\/app\/wp-json\/wp\/v2\/media\/12331"}],"wp:attachment":[{"href":"https:\/\/www.newsrecorder.ro\/app\/wp-json\/wp\/v2\/media?parent=12330"}],"wp:term":[{"taxonomy":"category","embeddable":true,"href":"https:\/\/www.newsrecorder.ro\/app\/wp-json\/wp\/v2\/categories?post=12330"},{"taxonomy":"post_tag","embeddable":true,"href":"https:\/\/www.newsrecorder.ro\/app\/wp-json\/wp\/v2\/tags?post=12330"}],"curies":[{"name":"wp","href":"https:\/\/api.w.org\/{rel}","templated":true}]}}