{"id":1235,"date":"2026-02-01T19:40:46","date_gmt":"2026-02-01T19:40:46","guid":{"rendered":"https:\/\/www.newsrecorder.ro\/app\/2026\/02\/01\/anm-patru-saptamani-de-vreme-extrema-pana-in-martie\/"},"modified":"2026-02-01T19:40:46","modified_gmt":"2026-02-01T19:40:46","slug":"anm-patru-saptamani-de-vreme-extrema-pana-in-martie","status":"publish","type":"post","link":"https:\/\/www.newsrecorder.ro\/app\/2026\/02\/01\/anm-patru-saptamani-de-vreme-extrema-pana-in-martie\/","title":{"rendered":"ANM: Patru s\u0103pt\u0103m\u00e2ni de vreme extrem\u0103 p\u00e2n\u0103 \u00een martie!"},"content":{"rendered":"<p>S\u0103pt\u0103m\u00e2na 2 &#8211; 9 februarie<\/p>\n<p>\u00cen aceast\u0103 s\u0103pt\u0103m\u00e2n\u0103, valorile termice se vor men\u021bine mai ridicate dec\u00e2t cele obi\u0219nuite \u00een regiunile vestice, nord-vestice, centrale \u0219i par\u021bial \u00een cele sudice. Totodat\u0103, \u00een extremitatea de nord-est a \u021b\u0103rii se vor \u00eenregistra temperaturi mai sc\u0103zute, \u00een timp ce \u00een alte zone valorile se vor situa aproape de normele sezoniere.<\/p>\n<p>\u00cen ceea ce prive\u0219te regimul pluviometric, se a\u0219teapt\u0103 a fi local deficitar \u00een zonele montane, dar \u00een restul \u021b\u0103rii precipita\u021biile vor fi apropiate de normalul acestei perioade.<\/p>\n<p>S\u0103pt\u0103m\u00e2na 9 &#8211; 16 februarie<\/p>\n<p>Temperaturile medii din majoritatea regiunilor vor dep\u0103\u0219i valorile normale pentru aceast\u0103 perioad\u0103. De asemenea, cantit\u0103\u021bile de precipita\u021bii vor fi excedentare la nivel na\u021bional, cu un accent special pe regiunile sudice.<\/p>\n<p>S\u0103pt\u0103m\u00e2na 16 &#8211; 23 februarie<\/p>\n<p>Pe parcursul acestei s\u0103pt\u0103m\u00e2ni, temperatura medie a aerului va r\u0103m\u00e2ne mai ridicat\u0103 dec\u00e2t normele specifice, \u00een cea mai mare parte a \u021b\u0103rii. Regimul pluviometric estimat pentru aceast\u0103 perioad\u0103 va fi u\u0219or excedentar \u00een toate regiunile.<\/p>\n<p>S\u0103pt\u0103m\u00e2na 23 februarie &#8211; 2 martie<\/p>\n<p>Valorile medii ale temperaturilor se vor situa u\u0219or peste normele specifice pentru aceast\u0103 s\u0103pt\u0103m\u00e2n\u0103, acoperind \u00eentreg teritoriul Rom\u00e2niei. Cantit\u0103\u021bile de precipita\u021bii se vor apropia de nivelurile normale pentru aceast\u0103 perioad\u0103, \u00een majoritatea regiunilor \u021b\u0103rii.<\/p>\n","protected":false},"excerpt":{"rendered":"<p>S\u0103pt\u0103m\u00e2na 2 &#8211; 9 februarie \u00cen aceast\u0103 s\u0103pt\u0103m\u00e2n\u0103, valorile termice se vor men\u021bine mai ridicate dec\u00e2t cele obi\u0219nuite \u00een regiunile vestice, nord-vestice, centrale \u0219i par\u021bial \u00een cele sudice. Totodat\u0103, \u00een extremitatea de nord-est a \u021b\u0103rii se vor \u00eenregistra temperaturi mai sc\u0103zute, \u00een timp ce \u00een alte zone valorile se vor situa aproape de normele sezoniere. [&hellip;]<\/p>\n","protected":false},"author":5,"featured_media":1236,"comment_status":"open","ping_status":"open","sticky":false,"template":"","format":"standard","meta":{"jnews-multi-image_gallery":[],"jnews_single_post":[],"jnews_primary_category":[],"jnews_override_counter":[],"footnotes":""},"categories":[45],"tags":[135,1812,1961,1600,2255,126,1261,125],"class_list":["post-1235","post","type-post","status-publish","format-standard","has-post-thumbnail","hentry","category-meteo","tag-precipitatii","tag-regimul-pluviometric","tag-regiunile-sudice","tag-regiunile-vestice","tag-saptamana-februarie","tag-temperaturi","tag-valori-termice","tag-vreme"],"_links":{"self":[{"href":"https:\/\/www.newsrecorder.ro\/app\/wp-json\/wp\/v2\/posts\/1235","targetHints":{"allow":["GET"]}}],"collection":[{"href":"https:\/\/www.newsrecorder.ro\/app\/wp-json\/wp\/v2\/posts"}],"about":[{"href":"https:\/\/www.newsrecorder.ro\/app\/wp-json\/wp\/v2\/types\/post"}],"author":[{"embeddable":true,"href":"https:\/\/www.newsrecorder.ro\/app\/wp-json\/wp\/v2\/users\/5"}],"replies":[{"embeddable":true,"href":"https:\/\/www.newsrecorder.ro\/app\/wp-json\/wp\/v2\/comments?post=1235"}],"version-history":[{"count":0,"href":"https:\/\/www.newsrecorder.ro\/app\/wp-json\/wp\/v2\/posts\/1235\/revisions"}],"wp:featuredmedia":[{"embeddable":true,"href":"https:\/\/www.newsrecorder.ro\/app\/wp-json\/wp\/v2\/media\/1236"}],"wp:attachment":[{"href":"https:\/\/www.newsrecorder.ro\/app\/wp-json\/wp\/v2\/media?parent=1235"}],"wp:term":[{"taxonomy":"category","embeddable":true,"href":"https:\/\/www.newsrecorder.ro\/app\/wp-json\/wp\/v2\/categories?post=1235"},{"taxonomy":"post_tag","embeddable":true,"href":"https:\/\/www.newsrecorder.ro\/app\/wp-json\/wp\/v2\/tags?post=1235"}],"curies":[{"name":"wp","href":"https:\/\/api.w.org\/{rel}","templated":true}]}}