{"id":12382,"date":"2026-04-06T22:07:55","date_gmt":"2026-04-06T22:07:55","guid":{"rendered":"https:\/\/www.newsrecorder.ro\/app\/2026\/04\/06\/alerta-hidrologica-viituri-rapide-si-risc-de-depasiri-de-cote\/"},"modified":"2026-04-06T22:07:55","modified_gmt":"2026-04-06T22:07:55","slug":"alerta-hidrologica-viituri-rapide-si-risc-de-depasiri-de-cote","status":"publish","type":"post","link":"https:\/\/www.newsrecorder.ro\/app\/2026\/04\/06\/alerta-hidrologica-viituri-rapide-si-risc-de-depasiri-de-cote\/","title":{"rendered":"Alert\u0103 hidrologic\u0103: Viituri rapide \u0219i risc de dep\u0103\u0219iri de cote!"},"content":{"rendered":"<p class=\"font-claude-response-body break-words whitespace-normal leading-[1.7]\">Recent, meteorologii au emis o avertizare de cod portocaliu, care vizeaz\u0103 mai multe fenomene meteorologice severe. Acestea includ scurgeri semnificative pe versan\u021bi, toren\u021bi \u0219i p\u00e2raie, precum \u0219i viituri rapide pe r\u00e2urile mici, cu un risc crescut de inunda\u021bii locale. De asemenea, se preconizeaz\u0103 cre\u0219teri ale debitelor pe r\u00e2urile din bazinele hidrografice afectate, ceea ce ar putea duce la dep\u0103\u0219iri ale cotelor de ap\u0103rare.<\/p>\n<p class=\"font-claude-response-body break-words whitespace-normal leading-[1.7]\">Codul portocaliu se va aplica \u00een dou\u0103 perioade distincte. \u00cen jude\u021bele Boto\u0219ani \u0219i Ia\u0219i, pe r\u00e2ul Miletin, afluent al Jijiei, avertizarea este activ\u0103 de vineri, ora 16:00, p\u00e2n\u0103 s\u00e2mb\u0103t\u0103, ora 12:00. De asemenea, pe afluen\u021bii Moldovei, \u00een sectorul aval S.H. Fundu Moldovei \u0219i amonte S.H. Tupila\u021bi, codul portocaliu va fi valabil vineri \u00eentre orele 16:00 \u0219i 24:00, \u00een jude\u021bele Suceava \u0219i Neam\u021b.<\/p>\n<p class=\"font-claude-response-body break-words whitespace-normal leading-[1.7]\">Pe l\u00e2ng\u0103 codul portocaliu, a fost emis \u0219i un cod galben, care va fi \u00een vigoare \u00eentre vineri, ora 11:00, \u0219i s\u00e2mb\u0103t\u0103, ora 24:00. Acesta vizeaz\u0103 r\u00e2urile din mai multe bazine hidrografice, inclusiv:<\/p>\n<ul>\n<li>Bazinul Desn\u0103\u021bui \u2013 amonte Acumularea F\u00e2nt\u00e2nele (jude\u021bele Mehedin\u021bi \u0219i Dolj)<\/li>\n<li>Bazinul Olt \u2013 afluen\u021bii sectorului aval S.H. Sebe\u0219 Olt, amonte confluen\u021b\u0103 cu Lotrul (jude\u021bele Sibiu \u0219i V\u00e2lcea)<\/li>\n<li>Bazinul Olt \u2013 afluen\u021bii sectorului aval confluen\u021b\u0103 cu Olte\u021b (jude\u021bele Olt \u0219i Dolj)<\/li>\n<li>Bazinul Putna \u2013 bazin superior \u0219i afluen\u021bi (jude\u021bul Vrancea)<\/li>\n<li>Bazinul B\u00e2rlad \u2013 amonte S.H. Negre\u0219ti \u0219i afluen\u021bi aval (jude\u021bele Neam\u021b, Ia\u0219i, Vaslui, Bac\u0103u, Gala\u021bi \u0219i Vrancea)<\/li>\n<li>Bazinul Trotu\u0219 \u2013 bazin superior \u0219i afluen\u021bi (jude\u021bele Harghita, Bac\u0103u, Neam\u021b, Covasna \u0219i Vrancea)<\/li>\n<li>Bazinul Moldova (jude\u021bele Suceava \u0219i Neam\u021b)<\/li>\n<li>Bazinul Bistri\u021ba \u2013 amonte Acumularea Izvoru Muntelui \u0219i afluen\u021bi aval (jude\u021bele Suceava, Neam\u021b, Harghita \u0219i Bac\u0103u)<\/li>\n<li>Bazinul Suceava (jude\u021bul Suceava)<\/li>\n<li>Bazinul Siret \u2013 afluen\u021bii mici ai sectorului aval confluen\u021b\u0103 Suceava \u2013 amonte confluen\u021b\u0103 Bistri\u021ba (jude\u021bele Suceava, Boto\u0219ani, Ia\u0219i, Neam\u021b \u0219i Bac\u0103u)<\/li>\n<li>Bazinul Jijia (jude\u021bele Boto\u0219ani \u0219i Ia\u0219i)<\/li>\n<\/ul>\n<p class=\"font-claude-response-body break-words whitespace-normal leading-[1.7]\">Este important ca cet\u0103\u021benii din aceste zone s\u0103 fie aten\u021bi la evolu\u021bia vremii \u0219i s\u0103 ia m\u0103suri de precau\u021bie, av\u00e2nd \u00een vedere riscurile asociate cu inunda\u021biile \u0219i viiturile rapide.<\/p>\n","protected":false},"excerpt":{"rendered":"<p>Recent, meteorologii au emis o avertizare de cod portocaliu, care vizeaz\u0103 mai multe fenomene meteorologice severe. Acestea includ scurgeri semnificative pe versan\u021bi, toren\u021bi \u0219i p\u00e2raie, precum \u0219i viituri rapide pe r\u00e2urile mici, cu un risc crescut de inunda\u021bii locale. De asemenea, se preconizeaz\u0103 cre\u0219teri ale debitelor pe r\u00e2urile din bazinele hidrografice afectate, ceea ce ar [&hellip;]<\/p>\n","protected":false},"author":5,"featured_media":12383,"comment_status":"open","ping_status":"open","sticky":false,"template":"","format":"standard","meta":{"jnews-multi-image_gallery":[],"jnews_single_post":[],"jnews_primary_category":[],"jnews_override_counter":[],"footnotes":""},"categories":[45],"tags":[732,13488,1140,14735,2880,852,133,15171],"class_list":["post-12382","post","type-post","status-publish","format-standard","has-post-thumbnail","hentry","category-meteo","tag-avertizare","tag-bazine-hidrografice","tag-cod-portocaliu","tag-debite","tag-inundatii","tag-judete","tag-meteorologie","tag-viituri"],"_links":{"self":[{"href":"https:\/\/www.newsrecorder.ro\/app\/wp-json\/wp\/v2\/posts\/12382","targetHints":{"allow":["GET"]}}],"collection":[{"href":"https:\/\/www.newsrecorder.ro\/app\/wp-json\/wp\/v2\/posts"}],"about":[{"href":"https:\/\/www.newsrecorder.ro\/app\/wp-json\/wp\/v2\/types\/post"}],"author":[{"embeddable":true,"href":"https:\/\/www.newsrecorder.ro\/app\/wp-json\/wp\/v2\/users\/5"}],"replies":[{"embeddable":true,"href":"https:\/\/www.newsrecorder.ro\/app\/wp-json\/wp\/v2\/comments?post=12382"}],"version-history":[{"count":0,"href":"https:\/\/www.newsrecorder.ro\/app\/wp-json\/wp\/v2\/posts\/12382\/revisions"}],"wp:featuredmedia":[{"embeddable":true,"href":"https:\/\/www.newsrecorder.ro\/app\/wp-json\/wp\/v2\/media\/12383"}],"wp:attachment":[{"href":"https:\/\/www.newsrecorder.ro\/app\/wp-json\/wp\/v2\/media?parent=12382"}],"wp:term":[{"taxonomy":"category","embeddable":true,"href":"https:\/\/www.newsrecorder.ro\/app\/wp-json\/wp\/v2\/categories?post=12382"},{"taxonomy":"post_tag","embeddable":true,"href":"https:\/\/www.newsrecorder.ro\/app\/wp-json\/wp\/v2\/tags?post=12382"}],"curies":[{"name":"wp","href":"https:\/\/api.w.org\/{rel}","templated":true}]}}