{"id":12392,"date":"2026-04-06T22:08:59","date_gmt":"2026-04-06T22:08:59","guid":{"rendered":"https:\/\/www.newsrecorder.ro\/app\/2026\/04\/06\/cod-portocaliu-de-inundatii-rauri-din-cinci-judete-in-alerta\/"},"modified":"2026-04-06T22:08:59","modified_gmt":"2026-04-06T22:08:59","slug":"cod-portocaliu-de-inundatii-rauri-din-cinci-judete-in-alerta","status":"publish","type":"post","link":"https:\/\/www.newsrecorder.ro\/app\/2026\/04\/06\/cod-portocaliu-de-inundatii-rauri-din-cinci-judete-in-alerta\/","title":{"rendered":"Cod portocaliu de inunda\u021bii: R\u00e2uri din cinci jude\u021be \u00een alert\u0103!"},"content":{"rendered":"<p><a style=\"color: #0000ff\" href=\"https:\/\/www.hidro.ro\/warning\/avertizare-hidrologica-nr-35-din-02-04-2026\/\" target=\"_blank\" rel=\"noopener\">Hidrologii din Rom\u00e2nia<\/a> au emis, \u00een data de joi, un avertisment de Cod portocaliu de inunda\u021bii, valabil pentru r\u00e2urile din cinci jude\u021be. Aceast\u0103 avertizare va fi \u00een vigoare de vineri, 3 aprilie, ora 9:00, p\u00e2n\u0103 s\u00e2mb\u0103t\u0103, 4 aprilie, la ora 12:00.<\/p>\n<p><strong>Condi\u021biile meteo actuale<\/strong> prezic c\u0103 \u00een intervalul 03.04.2026, ora 09:00 \u2013 04.04.2026, ora 12:00, se vor \u00eenregistra fenomene de inunda\u021bie pe r\u00e2urile din bazinele hidrografice urm\u0103toare:<\/strong><\/p>\n<ul>\n<li>Bistri\u0163a \u2013 afluen\u0163ii aferen\u0163i sectorului aval S.H. Dorna Arini \u2013 amonte Ac. Izvoru Muntelui, \u00een jude\u021bele Suceava, Harghita \u0219i Neam\u021b;<\/li>\n<li>Moldova \u2013 afluen\u0163ii aferen\u0163i sectorului aval S.H. Fundu Moldovei \u2013 amonte S.H. Tupila\u0163i, \u00een jude\u021bele Suceava \u0219i Neam\u021b;<\/li>\n<li>Miletin (afluent al r\u00e2ului Jijia) \u2013 \u00een jude\u021bele Boto\u0219ani \u0219i Ia\u0219i.<\/li>\n<\/ul>\n<p id=\"caption-attachment-23713960\" class=\"wp-caption-text\">Sursa foto: hidro.ro<\/p>\n<p>\u00cen plus, hidrologii au emis \u0219i un Cod galben de inunda\u021bii pentru r\u00e2urile din diverse jude\u021be, care va fi activ de joi seara p\u00e2n\u0103 s\u00e2mb\u0103t\u0103 la miezul nop\u021bii.<\/p>\n<p><strong>Avertizarea de Cod galben<\/strong> este valabil\u0103 \u00een perioada 02.04.2026, ora 18:00 \u2013 04.04.2026, ora 24:00 \u0219i vizeaz\u0103 urm\u0103toarele bazine hidrografice:<\/strong><\/p>\n<ul>\n<li>Desn\u0103\u0163ui \u2013 bazin amonte Ac. F\u00e2nt\u00e2nele (jude\u021bele Mehedin\u021bi \u0219i Dolj);<\/li>\n<li>Motru \u2013 afluen\u021bii aferen\u021bi sectorului aval S.H. Bro\u015fteni (jude\u021bele Gorj \u0219i Mehedin\u021bi);<\/li>\n<li>Jiu \u2013 afluen\u021bii de dreapta aferen\u021bi sectorului aval confluen\u021b\u0103 cu r\u00e2ul Motru \u2013 amonte S.H. Podari (jude\u021bele Mehedin\u021bi \u0219i Dolj);<\/li>\n<li>Olt \u2013 afluen\u021bii aferen\u021bi sectorului aval S.H. Sebe\u015f Olt \u2013 amonte confluen\u021b\u0103 cu r\u00e2ul Lotru (jude\u021bele Sibiu \u0219i V\u00e2lcea);<\/li>\n<li>Olt \u2013 afluen\u021bii aferen\u021bi sectorului aval confluen\u021b\u0103 cu r\u00e2ul Olte\u021b (jude\u021bele Olt \u0219i Dolj);<\/li>\n<li>R\u00e2mnicu S\u0103rat \u2013 bazin superior \u0219i afluen\u021bi bazin mijlociu \u0219i inferior (jude\u021bele Buz\u0103u \u0219i Vrancea);<\/li>\n<li>Putna (jude\u021bul Vrancea);<\/li>\n<li>B\u00e2rlad \u2013 bazin amonte S.H. Negre\u015fti \u0219i afluen\u021bii aferen\u021bi sectorului aval S.H. Negre\u015fti (jude\u021bele Neam\u021b, Ia\u0219i, Vaslui, Bac\u0103u, Gala\u021bi \u0219i Vrancea);<\/li>\n<li>Trotu\u0219 (jude\u021bele Harghita, Bac\u0103u, Neam\u021b, Covasna \u0219i Vrancea);<\/li>\n<li>Moldova (jude\u021bele Suceava \u0219i Neam\u021b);<\/li>\n<li>Bistri\u0163a \u2013 bazin amonte Ac. Izvoru Muntelui \u0219i afluen\u021bii aferen\u021bi sectorului aval Ac. Izvoru Muntelui (jude\u021bele Suceava, Neam\u021b, Harghita \u0219i Bac\u0103u);<\/li>\n<li>Suceava (jude\u021bul Suceava);<\/li>\n<li>Siret \u2013 afluen\u021bii mici aferen\u021bi sectorului aval confluen\u021b\u0103 cu r\u00e2ul Suceava \u2013 amonte confluen\u021b\u0103 cu r\u00e2ul Trotu\u015f (jude\u021bele Suceava, Boto\u0219ani, Ia\u0219i, Neam\u021b, Bac\u0103u \u0219i Vrancea);<\/li>\n<li>Jijia (jude\u021bele Boto\u0219ani \u0219i Ia\u0219i).<\/li>\n<\/ul>\n<p>Autorit\u0103\u021bile locale sunt \u00een alert\u0103 \u0219i recomand\u0103 cet\u0103\u021benilor s\u0103 ia m\u0103suri de precau\u021bie \u00een fa\u021ba posibilelor inunda\u021bii. Este esen\u021bial ca to\u021bi s\u0103 r\u0103m\u00e2n\u0103 informa\u021bi \u0219i s\u0103 urm\u0103reasc\u0103 evolu\u021bia situa\u021biei meteorologice.<\/p>\n","protected":false},"excerpt":{"rendered":"<p>Hidrologii din Rom\u00e2nia au emis, \u00een data de joi, un avertisment de Cod portocaliu de inunda\u021bii, valabil pentru r\u00e2urile din cinci jude\u021be. Aceast\u0103 avertizare va fi \u00een vigoare de vineri, 3 aprilie, ora 9:00, p\u00e2n\u0103 s\u00e2mb\u0103t\u0103, 4 aprilie, la ora 12:00. Condi\u021biile meteo actuale prezic c\u0103 \u00een intervalul 03.04.2026, ora 09:00 \u2013 04.04.2026, ora 12:00, [&hellip;]<\/p>\n","protected":false},"author":5,"featured_media":12393,"comment_status":"open","ping_status":"open","sticky":false,"template":"","format":"standard","meta":{"jnews-multi-image_gallery":[],"jnews_single_post":[],"jnews_primary_category":[],"jnews_override_counter":[],"footnotes":""},"categories":[45],"tags":[732,13488,1140,1808,13719,2880,852,8135],"class_list":["post-12392","post","type-post","status-publish","format-standard","has-post-thumbnail","hentry","category-meteo","tag-avertizare","tag-bazine-hidrografice","tag-cod-portocaliu","tag-conditii-meteo","tag-hidrologie","tag-inundatii","tag-judete","tag-rauri"],"_links":{"self":[{"href":"https:\/\/www.newsrecorder.ro\/app\/wp-json\/wp\/v2\/posts\/12392","targetHints":{"allow":["GET"]}}],"collection":[{"href":"https:\/\/www.newsrecorder.ro\/app\/wp-json\/wp\/v2\/posts"}],"about":[{"href":"https:\/\/www.newsrecorder.ro\/app\/wp-json\/wp\/v2\/types\/post"}],"author":[{"embeddable":true,"href":"https:\/\/www.newsrecorder.ro\/app\/wp-json\/wp\/v2\/users\/5"}],"replies":[{"embeddable":true,"href":"https:\/\/www.newsrecorder.ro\/app\/wp-json\/wp\/v2\/comments?post=12392"}],"version-history":[{"count":0,"href":"https:\/\/www.newsrecorder.ro\/app\/wp-json\/wp\/v2\/posts\/12392\/revisions"}],"wp:featuredmedia":[{"embeddable":true,"href":"https:\/\/www.newsrecorder.ro\/app\/wp-json\/wp\/v2\/media\/12393"}],"wp:attachment":[{"href":"https:\/\/www.newsrecorder.ro\/app\/wp-json\/wp\/v2\/media?parent=12392"}],"wp:term":[{"taxonomy":"category","embeddable":true,"href":"https:\/\/www.newsrecorder.ro\/app\/wp-json\/wp\/v2\/categories?post=12392"},{"taxonomy":"post_tag","embeddable":true,"href":"https:\/\/www.newsrecorder.ro\/app\/wp-json\/wp\/v2\/tags?post=12392"}],"curies":[{"name":"wp","href":"https:\/\/api.w.org\/{rel}","templated":true}]}}