{"id":12420,"date":"2026-04-06T23:11:15","date_gmt":"2026-04-06T23:11:15","guid":{"rendered":"https:\/\/www.newsrecorder.ro\/app\/2026\/04\/06\/bayern-vs-real-madrid-duelul-care-promite-a-fi-cel-mai-greu\/"},"modified":"2026-04-06T23:11:15","modified_gmt":"2026-04-06T23:11:15","slug":"bayern-vs-real-madrid-duelul-care-promite-a-fi-cel-mai-greu","status":"publish","type":"post","link":"https:\/\/www.newsrecorder.ro\/app\/2026\/04\/06\/bayern-vs-real-madrid-duelul-care-promite-a-fi-cel-mai-greu\/","title":{"rendered":"Bayern vs. Real Madrid: Duelul care promite a fi cel mai greu!"},"content":{"rendered":"<p>Tehnicianul belgian a subliniat importan\u021ba detaliilor \u00een confruntarea cu un adversar de elit\u0103. \u00cen cadrul conferin\u021bei de pres\u0103 premerg\u0103toare meciului de mar\u021bi, Kompany a afirmat: \u201eEste un meci care se joac\u0103 at\u00e2t tactic, c\u00e2t \u0219i prin detalii, datorit\u0103 calit\u0103\u021bii juc\u0103torilor de pe teren.\u201d<\/p>\n<p>De asemenea, antrenorul echipei Bayern M\u00fcnchen a subliniat c\u0103 forma\u021bia madrilen\u0103 r\u0103m\u00e2ne una dintre cele mai puternice din Europa. \u201eVersiunea de Real Madrid pentru care trebuie s\u0103 fim preg\u0103ti\u021bi este cea mai bun\u0103, cea pe care am v\u0103zut-o \u00een meciurile cu Manchester City. Dac\u0103 \u00ee\u021bi construie\u0219ti planul \u00eempotriva acelei versiuni, Real r\u0103m\u00e2ne una dintre cele mai bune echipe din Europa\u201d, a explicat Kompany.<\/p>\n<p>\u00cen ceea ce prive\u0219te starea lui Harry Kane, golgheterul echipei, antrenorul a oferit detalii importante. Kane a revenit la antrenamente dup\u0103 o problem\u0103 medical\u0103, iar Kompany a declarat: \u201eA avut a doua sesiune de antrenament ast\u0103zi. Nu cred c\u0103 \u0219i-a pierdut ritmul. Vom a\u0219tepta p\u00e2n\u0103 m\u00e2ine pentru informa\u021biile finale \u0219i apoi lu\u0103m decizia.\u201d<\/p>\n<p>Antrenorul a ad\u0103ugat: \u201eEste parte din echip\u0103 \u0219i asta este foarte important pentru noi. Este un juc\u0103tor esen\u021bial pentru club, toat\u0103 lumea \u0219tie asta, inclusiv el. Dac\u0103 va fi \u00een regul\u0103, va juca f\u0103r\u0103 s\u0103 se g\u00e2ndeasc\u0103 la altceva dec\u00e2t s\u0103 c\u00e2\u0219tige.\u201d<\/p>\n<p>Bayern M\u00fcnchen se preg\u0103te\u0219te s\u0103 \u00eenfrunte o provocare major\u0103. Echipa german\u0103 vine la Madrid cu scopul de a ob\u021bine un rezultat pozitiv, mai ales \u00een contextul istoriei impresionante a Real Madrid \u00een competi\u021biile interna\u021bionale \u0219i a parcursului solid pe care l-au avut \u00een fa\u021ba bavarezilor \u00een ultimii ani.<\/p>\n<p>Este demn de men\u021bionat c\u0103 Bayern nu a reu\u0219it s\u0103 \u00eenving\u0103 Real Madrid \u00een ultimele opt confrunt\u0103ri din UEFA Champions League. Totu\u0219i, Kompany a subliniat c\u0103 echipa sa este bine preg\u0103tit\u0103 pentru aceast\u0103 confruntare. \u201e\u00cen fiecare meci vrem s\u0103 ne impunem stilul. Real este o echip\u0103 unic\u0103, poate crea pericol din orice situa\u021bie. Va fi important s\u0103 ne aducem punctele forte pe teren. Desigur, ne vom adapta pu\u021bin, dar vrem s\u0103 juc\u0103m jocul nostru\u201d, a explicat el.<\/p>\n<p>Man\u0219a tur din sferturile de final\u0103 dintre Real Madrid \u0219i Bayern M\u00fcnchen este programat\u0103 pentru mar\u021bi, \u00eencep\u00e2nd cu ora 22:00.<\/p>\n","protected":false},"excerpt":{"rendered":"<p>Tehnicianul belgian a subliniat importan\u021ba detaliilor \u00een confruntarea cu un adversar de elit\u0103. \u00cen cadrul conferin\u021bei de pres\u0103 premerg\u0103toare meciului de mar\u021bi, Kompany a afirmat: \u201eEste un meci care se joac\u0103 at\u00e2t tactic, c\u00e2t \u0219i prin detalii, datorit\u0103 calit\u0103\u021bii juc\u0103torilor de pe teren.\u201d De asemenea, antrenorul echipei Bayern M\u00fcnchen a subliniat c\u0103 forma\u021bia madrilen\u0103 r\u0103m\u00e2ne [&hellip;]<\/p>\n","protected":false},"author":6,"featured_media":12421,"comment_status":"open","ping_status":"open","sticky":false,"template":"","format":"standard","meta":{"jnews-multi-image_gallery":[],"jnews_single_post":[],"jnews_primary_category":[],"jnews_override_counter":[],"footnotes":""},"categories":[46],"tags":[15179,1394,678,15178,9652,15177,1395,15176],"class_list":["post-12420","post","type-post","status-publish","format-standard","has-post-thumbnail","hentry","category-sport","tag-adversar-de-elita","tag-bayern-munchen","tag-conferinta-de-presa","tag-detalii-importante","tag-harry-kane","tag-meci-tactic","tag-real-madrid","tag-tehnician-belgian"],"_links":{"self":[{"href":"https:\/\/www.newsrecorder.ro\/app\/wp-json\/wp\/v2\/posts\/12420","targetHints":{"allow":["GET"]}}],"collection":[{"href":"https:\/\/www.newsrecorder.ro\/app\/wp-json\/wp\/v2\/posts"}],"about":[{"href":"https:\/\/www.newsrecorder.ro\/app\/wp-json\/wp\/v2\/types\/post"}],"author":[{"embeddable":true,"href":"https:\/\/www.newsrecorder.ro\/app\/wp-json\/wp\/v2\/users\/6"}],"replies":[{"embeddable":true,"href":"https:\/\/www.newsrecorder.ro\/app\/wp-json\/wp\/v2\/comments?post=12420"}],"version-history":[{"count":0,"href":"https:\/\/www.newsrecorder.ro\/app\/wp-json\/wp\/v2\/posts\/12420\/revisions"}],"wp:featuredmedia":[{"embeddable":true,"href":"https:\/\/www.newsrecorder.ro\/app\/wp-json\/wp\/v2\/media\/12421"}],"wp:attachment":[{"href":"https:\/\/www.newsrecorder.ro\/app\/wp-json\/wp\/v2\/media?parent=12420"}],"wp:term":[{"taxonomy":"category","embeddable":true,"href":"https:\/\/www.newsrecorder.ro\/app\/wp-json\/wp\/v2\/categories?post=12420"},{"taxonomy":"post_tag","embeddable":true,"href":"https:\/\/www.newsrecorder.ro\/app\/wp-json\/wp\/v2\/tags?post=12420"}],"curies":[{"name":"wp","href":"https:\/\/api.w.org\/{rel}","templated":true}]}}