{"id":1243,"date":"2026-02-01T19:42:43","date_gmt":"2026-02-01T19:42:43","guid":{"rendered":"https:\/\/www.newsrecorder.ro\/app\/2026\/02\/01\/avertizare-de-cod-portocaliu-ploi-torentiale-si-viscol-in-sase-judete\/"},"modified":"2026-02-01T19:42:43","modified_gmt":"2026-02-01T19:42:43","slug":"avertizare-de-cod-portocaliu-ploi-torentiale-si-viscol-in-sase-judete","status":"publish","type":"post","link":"https:\/\/www.newsrecorder.ro\/app\/2026\/02\/01\/avertizare-de-cod-portocaliu-ploi-torentiale-si-viscol-in-sase-judete\/","title":{"rendered":"Avertizare de cod portocaliu: Ploi toren\u021biale \u0219i viscol \u00een \u0219ase jude\u021be!"},"content":{"rendered":"<p>Un cod portocaliu de vreme severe este \u00een vigoare de luni, ora 10:00, p\u00e2n\u0103 mar\u021bi, ora 20:00.<\/p>\n<p>\u00cen regiunile deluroase \u0219i montane ale jude\u021belor Mehedin\u021bi, Gorj, V\u00e2lcea, Arge\u0219, D\u00e2mbovi\u021ba \u0219i Prahova, se a\u0219teapt\u0103 precipita\u021bii semnificative sub form\u0103 de ploaie \u0219i lapovi\u021b\u0103, care vor contribui la topirea z\u0103pezii existente. Cantit\u0103\u021bile de ap\u0103 vor varia \u00eentre 60 \u0219i 80 l\/mp.<\/p>\n<p id=\"caption-attachment-23676446\" class=\"wp-caption-text\">Foto: captur\u0103 ANM<\/p>\n<p>Pentru altitudinile ce dep\u0103\u0219esc 1700 de metri, ninsorile vor fi predominante, acumul\u00e2ndu-se un strat de z\u0103pad\u0103 de aproximativ 30 p\u00e2n\u0103 la 40 cm. Intensific\u0103rile v\u00e2ntului vor fi semnificative, cu rafale ce pot dep\u0103\u0219i 100 km\/h, viscolind ninsoarea \u0219i reduc\u00e2nd vizibilitatea sub 50 de metri.<\/p>\n<p>\u00cen acela\u0219i timp, o alert\u0103 Cod galben de precipita\u021bii \u00eensemnate cantitativ este activ\u0103 \u00een \u00eentreaga \u021bar\u0103.<\/p>\n<p>Precipita\u021biile vor fi \u00eensemnate cantitativ, sub form\u0103 de ploaie, \u00een sudul Banatului \u0219i \u00een jum\u0103tatea nordic\u0103 a Olteniei \u0219i a Munteniei, iar \u00een zona montan\u0103 a jude\u021belor Hunedoara, Alba, Sibiu, Bra\u0219ov, Covasna \u0219i Vrancea, se vor \u00eenregistra precipita\u021bii mixte. Aceste condi\u021bii vor facilita, de asemenea, topirea z\u0103pezii, cu acumul\u0103ri de 30 p\u00e2n\u0103 la 40 l\/mp \u0219i, local, chiar peste 50 l\/mp.<\/p>\n<p>\u00cen restul \u021b\u0103rii, precipita\u021biile vor fi temporar slabe, sub form\u0103 de ploaie \u0219i mixte \u00een zona montan\u0103, iar pe arii restr\u00e2nse se vor \u00eenregistra intensific\u0103ri ale v\u00e2ntului cu viteze de 40 p\u00e2n\u0103 la 45 km\/h.<\/p>\n<p><strong>Vremea \u00een Bucure\u0219ti<\/strong><\/p>\n<p>\u00cen capital\u0103, luni, temperaturile vor cre\u0219te, situ\u00e2ndu-se mult peste media specific\u0103 acestei perioade. Cerul va fi predominant noros, cu ploi moderate (\u00eentre 10 \u0219i 20 l\/mp), iar v\u00e2ntul va sufla moderat, cu viteze de maximum 35 p\u00e2n\u0103 la 40 km\/h.<\/p>\n<p>Temperatura maxim\u0103 se va \u00eencadra \u00eentre 8 \u0219i 10 grade Celsius, iar cea minim\u0103 va fi de 3 p\u00e2n\u0103 la 4 grade Celsius.<\/p>\n<p>Mar\u021bi, se preconizeaz\u0103 o sc\u0103dere a temperaturilor fa\u021b\u0103 de ziua anterioar\u0103, \u00eens\u0103 valorile se vor men\u021bine totu\u0219i peste cele obi\u0219nuite pentru aceast\u0103 perioad\u0103. Cerul va fi \u00eennorat \u0219i vor mai fi ploi slabe, iar v\u00e2ntul va avea intensitate slab\u0103 p\u00e2n\u0103 la moderat\u0103. Temperatura maxim\u0103 va fi \u00een jurul valorii de 6 grade Celsius.<\/p>\n","protected":false},"excerpt":{"rendered":"<p>Un cod portocaliu de vreme severe este \u00een vigoare de luni, ora 10:00, p\u00e2n\u0103 mar\u021bi, ora 20:00. \u00cen regiunile deluroase \u0219i montane ale jude\u021belor Mehedin\u021bi, Gorj, V\u00e2lcea, Arge\u0219, D\u00e2mbovi\u021ba \u0219i Prahova, se a\u0219teapt\u0103 precipita\u021bii semnificative sub form\u0103 de ploaie \u0219i lapovi\u021b\u0103, care vor contribui la topirea z\u0103pezii existente. Cantit\u0103\u021bile de ap\u0103 vor varia \u00eentre 60 [&hellip;]<\/p>\n","protected":false},"author":5,"featured_media":1244,"comment_status":"open","ping_status":"open","sticky":false,"template":"","format":"standard","meta":{"jnews-multi-image_gallery":[],"jnews_single_post":[],"jnews_primary_category":[],"jnews_override_counter":[],"footnotes":""},"categories":[45],"tags":[2259,1140,852,127,135,137,1142,1141],"class_list":["post-1243","post","type-post","status-publish","format-standard","has-post-thumbnail","hentry","category-meteo","tag-altitudini","tag-cod-portocaliu","tag-judete","tag-ninsori","tag-precipitatii","tag-vant","tag-viscol","tag-vreme-severa"],"_links":{"self":[{"href":"https:\/\/www.newsrecorder.ro\/app\/wp-json\/wp\/v2\/posts\/1243","targetHints":{"allow":["GET"]}}],"collection":[{"href":"https:\/\/www.newsrecorder.ro\/app\/wp-json\/wp\/v2\/posts"}],"about":[{"href":"https:\/\/www.newsrecorder.ro\/app\/wp-json\/wp\/v2\/types\/post"}],"author":[{"embeddable":true,"href":"https:\/\/www.newsrecorder.ro\/app\/wp-json\/wp\/v2\/users\/5"}],"replies":[{"embeddable":true,"href":"https:\/\/www.newsrecorder.ro\/app\/wp-json\/wp\/v2\/comments?post=1243"}],"version-history":[{"count":0,"href":"https:\/\/www.newsrecorder.ro\/app\/wp-json\/wp\/v2\/posts\/1243\/revisions"}],"wp:featuredmedia":[{"embeddable":true,"href":"https:\/\/www.newsrecorder.ro\/app\/wp-json\/wp\/v2\/media\/1244"}],"wp:attachment":[{"href":"https:\/\/www.newsrecorder.ro\/app\/wp-json\/wp\/v2\/media?parent=1243"}],"wp:term":[{"taxonomy":"category","embeddable":true,"href":"https:\/\/www.newsrecorder.ro\/app\/wp-json\/wp\/v2\/categories?post=1243"},{"taxonomy":"post_tag","embeddable":true,"href":"https:\/\/www.newsrecorder.ro\/app\/wp-json\/wp\/v2\/tags?post=1243"}],"curies":[{"name":"wp","href":"https:\/\/api.w.org\/{rel}","templated":true}]}}