{"id":12448,"date":"2026-04-06T23:15:49","date_gmt":"2026-04-06T23:15:49","guid":{"rendered":"https:\/\/www.newsrecorder.ro\/app\/2026\/04\/06\/amza-pellea-profesorul-cu-suflet-diana-lupescu-isi-aminteste\/"},"modified":"2026-04-06T23:15:49","modified_gmt":"2026-04-06T23:15:49","slug":"amza-pellea-profesorul-cu-suflet-diana-lupescu-isi-aminteste","status":"publish","type":"post","link":"https:\/\/www.newsrecorder.ro\/app\/2026\/04\/06\/amza-pellea-profesorul-cu-suflet-diana-lupescu-isi-aminteste\/","title":{"rendered":"\u201eAmza Pellea, profesorul cu suflet: Diana Lupescu \u00ee\u0219i aminte\u0219te\u201d"},"content":{"rendered":"<p>Actri\u021ba <a href=\"https:\/\/www.mediafax.ro\/cultura-media\/diana-lupescu-dezvaluie-de-ce-nu-juca-alaturi-de-mircea-diaconu-era-interzis-23715207\">Diana Lupescu<\/a> \u00ee\u0219i aminte\u0219te cu c\u0103ldur\u0103 de marele actor Amza Pellea, descriindu-l ca fiind o persoan\u0103 extrem de cald\u0103 \u0219i apropiat\u0103 de colegii s\u0103i. \u00centr-un interviu recent, ea a subliniat avantajul de a face parte dintr-o clas\u0103 restr\u00e2ns\u0103, format\u0103 din doar \u0219apte studen\u021bi, ceea ce le permitea profesorilor s\u0103 se concentreze pe fiecare individ \u0219i s\u0103-i \u00een\u021beleag\u0103 mai bine personalitatea.<\/p>\n<p>Printre amintirile sale, Lupescu a men\u021bionat un obicei binecunoscut al lui Amza Pellea: \u201eFuma enorm, enorm fuma. C\u00e2te dou\u0103 pachete de \u021big\u0103ri, cel pu\u021bin\u201d, a spus ea, evoc\u00e2nd atmosfera din jurul marelui actor.<\/p>\n<p>Actri\u021ba a povestit \u0219i despre o vizit\u0103 pe care a f\u0103cut-o acas\u0103 la Amza Pellea, \u00eentr-o perioad\u0103 \u00een care fiica acestuia, Oana, era \u00een liceu \u0219i dorea s\u0103 urmeze o carier\u0103 \u00een teatru. \u201eEra Oana prin anii de liceu, la final de liceu, \u0219i voia s\u0103 dea la teatru. Domnul Amza Pellea era at\u00e2t de \u00eengrijorat \u0219i fericit \u00een acela\u0219i timp. Se \u00eentreba ce o s\u0103 fie, dac\u0103 va fi bine, dac\u0103 nu. El ar fi preferat s\u0103 nu fac\u0103 actorie, dar Oana era extrem de hot\u0103r\u00e2t\u0103 s\u0103 \u00ee\u0219i urmeze visul, iar bine a f\u0103cut, c\u0103ci acum este o valoare \u00een domeniu. Mi-aduc aminte c\u0103 am fost acas\u0103 la el \u0219i doamna Pellea era at\u00e2t de dr\u0103gu\u021b\u0103. Ne-am sim\u021bit onora\u021bi \u0219i \u00eengriji\u021bi, iar ei povesteau tot felul de lucruri. Era un om foarte cald \u0219i pl\u0103cut\u201d, a ad\u0103ugat Diana Lupescu.<\/p>\n<p>\u00cen \u00eencheiere, actri\u021ba a rememorat \u0219i momentul trist al dispari\u021biei lui Amza Pellea. \u201eUltima \u00eent\u00e2lnire a fost extrem de emo\u021bionant\u0103. C\u00e2nd el nu a mai fost \u0219i ne-am \u00eent\u00e2lnit cu to\u021bii la Teatrul Bulandra pentru a-i duce sicriul, a fost o triste\u021be \u00eengrozitoare\u201d, a conchis ea.<\/p>\n<p data-start=\"1688\" data-end=\"1848\"><strong>Podcastul integral: <\/strong><\/p>\n","protected":false},"excerpt":{"rendered":"<p>Actri\u021ba Diana Lupescu \u00ee\u0219i aminte\u0219te cu c\u0103ldur\u0103 de marele actor Amza Pellea, descriindu-l ca fiind o persoan\u0103 extrem de cald\u0103 \u0219i apropiat\u0103 de colegii s\u0103i. \u00centr-un interviu recent, ea a subliniat avantajul de a face parte dintr-o clas\u0103 restr\u00e2ns\u0103, format\u0103 din doar \u0219apte studen\u021bi, ceea ce le permitea profesorilor s\u0103 se concentreze pe fiecare individ [&hellip;]<\/p>\n","protected":false},"author":7,"featured_media":12449,"comment_status":"open","ping_status":"open","sticky":false,"template":"","format":"standard","meta":{"jnews-multi-image_gallery":[],"jnews_single_post":[],"jnews_primary_category":[],"jnews_override_counter":[],"footnotes":""},"categories":[43],"tags":[2800,6933,13410,14924,15219,1870,7523,576],"class_list":["post-12448","post","type-post","status-publish","format-standard","has-post-thumbnail","hentry","category-cultura","tag-actori-romani","tag-amintiri","tag-amza-pellea","tag-diana-lupescu","tag-fumatori","tag-interviu","tag-studenti","tag-teatru"],"_links":{"self":[{"href":"https:\/\/www.newsrecorder.ro\/app\/wp-json\/wp\/v2\/posts\/12448","targetHints":{"allow":["GET"]}}],"collection":[{"href":"https:\/\/www.newsrecorder.ro\/app\/wp-json\/wp\/v2\/posts"}],"about":[{"href":"https:\/\/www.newsrecorder.ro\/app\/wp-json\/wp\/v2\/types\/post"}],"author":[{"embeddable":true,"href":"https:\/\/www.newsrecorder.ro\/app\/wp-json\/wp\/v2\/users\/7"}],"replies":[{"embeddable":true,"href":"https:\/\/www.newsrecorder.ro\/app\/wp-json\/wp\/v2\/comments?post=12448"}],"version-history":[{"count":0,"href":"https:\/\/www.newsrecorder.ro\/app\/wp-json\/wp\/v2\/posts\/12448\/revisions"}],"wp:featuredmedia":[{"embeddable":true,"href":"https:\/\/www.newsrecorder.ro\/app\/wp-json\/wp\/v2\/media\/12449"}],"wp:attachment":[{"href":"https:\/\/www.newsrecorder.ro\/app\/wp-json\/wp\/v2\/media?parent=12448"}],"wp:term":[{"taxonomy":"category","embeddable":true,"href":"https:\/\/www.newsrecorder.ro\/app\/wp-json\/wp\/v2\/categories?post=12448"},{"taxonomy":"post_tag","embeddable":true,"href":"https:\/\/www.newsrecorder.ro\/app\/wp-json\/wp\/v2\/tags?post=12448"}],"curies":[{"name":"wp","href":"https:\/\/api.w.org\/{rel}","templated":true}]}}