{"id":12452,"date":"2026-04-06T23:41:01","date_gmt":"2026-04-06T23:41:01","guid":{"rendered":"https:\/\/www.newsrecorder.ro\/app\/2026\/04\/06\/diana-lupescu-dezvaluie-motivul-interzis-pentru-care-nu-juca-cu-diaconu\/"},"modified":"2026-04-06T23:41:01","modified_gmt":"2026-04-06T23:41:01","slug":"diana-lupescu-dezvaluie-motivul-interzis-pentru-care-nu-juca-cu-diaconu","status":"publish","type":"post","link":"https:\/\/www.newsrecorder.ro\/app\/2026\/04\/06\/diana-lupescu-dezvaluie-motivul-interzis-pentru-care-nu-juca-cu-diaconu\/","title":{"rendered":"Diana Lupescu dezv\u0103luie motivul interzis pentru care nu juca cu Diaconu"},"content":{"rendered":"<p>Actri\u021ba Diana Lupescu a f\u0103cut recent c\u00e2teva m\u0103rturisiri interesante despre cariera sa \u0219i despre rela\u021bia cu so\u021bul ei, Mircea Diaconu. \u201eNu prea jucam \u00eempreun\u0103, c\u0103 nu ne d\u0103dea voie. Nu era voie s\u0103 joace so\u021bul \u0219i so\u021bia\u201d, a declarat ea, subliniind restric\u021biile din acea perioad\u0103.<\/p>\n<p>De asemenea, Lupescu a men\u021bionat c\u0103 au fost nevoi\u021bi s\u0103 accepte roluri mai pu\u021bin importante deoarece nu aveau posibilitatea de a colabora \u00een proiecte de anvergur\u0103. \u201eAm jucat numai \u00een roluri care erau mai pu\u021bin importante, c\u0103 nu se putea\u201d, a afirmat actri\u021ba, ad\u0103ug\u00e2nd c\u0103 aceste restric\u021bii se aplicau nu doar \u00een cinematografie, ci \u0219i \u00een via\u021ba public\u0103.<\/p>\n<p>\u201eNici pe coperta revistei <em>Cinema<\/em> nu am avut niciodat\u0103 voie s\u0103 fim am\u00e2ndoi. Pe vremea aia era interzis\u201d, a continuat ea, eviden\u021biind impactul acestor reglement\u0103ri asupra imaginii lor ca \u0219i cuplu. Diana a subliniat c\u0103, \u00een acea perioad\u0103, \u201enu trebuia dec\u00e2t un cuplu s\u0103 fie \u00een aten\u021bia public\u0103\u201d, referindu-se la celebrul cuplu Nicolae \u0219i Elena Ceau\u0219escu, care dominau scena media.<\/p>\n<p>Totu\u0219i, actri\u021ba a recunoscut c\u0103 au avut ocazia s\u0103 colaboreze la televiziune, unde s-au sim\u021bit bine \u00eempreun\u0103. \u201e\u0218i ne-am sim\u021bit bine, a fost bine. \u0218i repet, rolurile de film n-au fost roluri importante\u201d, a conchis ea, reflect\u00e2nd asupra carierei lor \u00een contextul unei epoci cu multe constr\u00e2ngeri. <\/p>\n<p><strong>Podcastul integral:<\/strong><\/p>\n","protected":false},"excerpt":{"rendered":"<p>Actri\u021ba Diana Lupescu a f\u0103cut recent c\u00e2teva m\u0103rturisiri interesante despre cariera sa \u0219i despre rela\u021bia cu so\u021bul ei, Mircea Diaconu. \u201eNu prea jucam \u00eempreun\u0103, c\u0103 nu ne d\u0103dea voie. Nu era voie s\u0103 joace so\u021bul \u0219i so\u021bia\u201d, a declarat ea, subliniind restric\u021biile din acea perioad\u0103. De asemenea, Lupescu a men\u021bionat c\u0103 au fost nevoi\u021bi s\u0103 [&hellip;]<\/p>\n","protected":false},"author":7,"featured_media":12453,"comment_status":"open","ping_status":"open","sticky":false,"template":"","format":"standard","meta":{"jnews-multi-image_gallery":[],"jnews_single_post":[],"jnews_primary_category":[],"jnews_override_counter":[],"footnotes":""},"categories":[43],"tags":[97,246,11809,14924,14926,692,15228,15229],"class_list":["post-12452","post","type-post","status-publish","format-standard","has-post-thumbnail","hentry","category-cultura","tag-cariera","tag-cinematografie","tag-cuplu","tag-diana-lupescu","tag-mircea-diaconu","tag-restrictii","tag-roluri","tag-viata-publica"],"_links":{"self":[{"href":"https:\/\/www.newsrecorder.ro\/app\/wp-json\/wp\/v2\/posts\/12452","targetHints":{"allow":["GET"]}}],"collection":[{"href":"https:\/\/www.newsrecorder.ro\/app\/wp-json\/wp\/v2\/posts"}],"about":[{"href":"https:\/\/www.newsrecorder.ro\/app\/wp-json\/wp\/v2\/types\/post"}],"author":[{"embeddable":true,"href":"https:\/\/www.newsrecorder.ro\/app\/wp-json\/wp\/v2\/users\/7"}],"replies":[{"embeddable":true,"href":"https:\/\/www.newsrecorder.ro\/app\/wp-json\/wp\/v2\/comments?post=12452"}],"version-history":[{"count":0,"href":"https:\/\/www.newsrecorder.ro\/app\/wp-json\/wp\/v2\/posts\/12452\/revisions"}],"wp:featuredmedia":[{"embeddable":true,"href":"https:\/\/www.newsrecorder.ro\/app\/wp-json\/wp\/v2\/media\/12453"}],"wp:attachment":[{"href":"https:\/\/www.newsrecorder.ro\/app\/wp-json\/wp\/v2\/media?parent=12452"}],"wp:term":[{"taxonomy":"category","embeddable":true,"href":"https:\/\/www.newsrecorder.ro\/app\/wp-json\/wp\/v2\/categories?post=12452"},{"taxonomy":"post_tag","embeddable":true,"href":"https:\/\/www.newsrecorder.ro\/app\/wp-json\/wp\/v2\/tags?post=12452"}],"curies":[{"name":"wp","href":"https:\/\/api.w.org\/{rel}","templated":true}]}}