{"id":12456,"date":"2026-04-06T23:41:56","date_gmt":"2026-04-06T23:41:56","guid":{"rendered":"https:\/\/www.newsrecorder.ro\/app\/2026\/04\/06\/aur-romania-poate-pierde-fonduri-europene-cruciale-daca-ramane-psd-pnl\/"},"modified":"2026-04-06T23:41:56","modified_gmt":"2026-04-06T23:41:56","slug":"aur-romania-poate-pierde-fonduri-europene-cruciale-daca-ramane-psd-pnl","status":"publish","type":"post","link":"https:\/\/www.newsrecorder.ro\/app\/2026\/04\/06\/aur-romania-poate-pierde-fonduri-europene-cruciale-daca-ramane-psd-pnl\/","title":{"rendered":"AUR: Rom\u00e2nia poate pierde fonduri europene cruciale dac\u0103 r\u0103m\u00e2ne PSD-PNL"},"content":{"rendered":"<p>Ramona Ioana Bruynseels, reprezentanta AUR, a prezentat date alarmante de la Ministerul Investi\u021biilor \u0219i Proiectelor Europene: \u201eDup\u0103 mai bine de cinci ani din cei \u0219apte aloca\u021bi, rata de absorb\u021bie efectiv\u0103 a Rom\u00e2niei este de doar 19,31%. Aceasta este realizarea \u201especiali\u0219tilor\u201d care au fost promova\u021bi la rang de mini\u0219tri \u0219i a instrumentelor de control ale statului \u00een ace\u0219ti ani. S\u0103 nu ne facem iluzii, pentru c\u0103 este pu\u021bin probabil s\u0103 reu\u0219im s\u0103 absorbim sume record \u00een cei aproape doi ani care ne mai r\u0103m\u00e2n\u201d, a afirmat <a href=\"https:\/\/partidulaur.ro\/ramona-ioana-bruynseels-deputat-aur-romania-risca-sa-piarda-si-viitoarele-fonduri-europene-din-cadrul-financiar-multianual-2028-2034-daca-la-putere-vor-mai-ramane-psd-pnl-usr-udmr\/\" target=\"_blank\" rel=\"noopener\">Bruynseels<\/a>.<\/p>\n<p>Conform parlamentarului, perspectivele pentru Cadrul Financiar Multianual 2028-2034 ar trebui s\u0103 ne preocupe profund, mai ales din cauza noilor condi\u021bii impuse la nivel european.<\/p>\n<p>\u201eBugetul de aproximativ 2.000 de miliarde de euro va fi axat pe tehnologii avansate, ap\u0103rare \u0219i o agricultur\u0103 revizuit\u0103. Spre deosebire de cele 540 de programe distincte disponibile p\u00e2n\u0103 acum, noul cadru propune doar 27 de planuri de parteneriat. Asta \u00eenseamn\u0103 c\u0103 agricultura, industria \u0219i serviciile vor fi incluse \u00eentr-un singur plan na\u021bional\u201d, a explicat ea.<\/p>\n<p>\u201eRom\u00e2nia nu are nici m\u0103car un plan de \u021bar\u0103 bine definit. Cum ne putem imagina c\u0103 vom implementa un plan de finan\u021bare \u00eentr-un stat \u00een care PSD \u0219i PNL sunt exper\u021bi \u00een distrugerea fondurilor europene?\u201d, a ad\u0103ugat Bruynseels.<\/p>\n<p>AUR solicit\u0103 Guvernului Rom\u00e2niei, \u00een special Ministerului Investi\u021biilor \u0219i Proiectelor Europene, s\u0103 acorde prioritate proiectelor cu adev\u0103rat utile pentru Rom\u00e2nia.<\/p>\n<p>\u201eEste esen\u021bial s\u0103 cre\u0219tem ponderea fondurilor destinate mediului de afaceri rom\u00e2nesc, \u00een special pentru IMM-uri, care \u00een prezent sunt nevoite s\u0103 \u00ee\u0219i reduc\u0103 activitatea, s\u0103 \u00ee\u0219i schimbe sediul \u00een alte state sau chiar s\u0103 \u00ee\u0219i \u00eenchid\u0103 por\u021bile\u201d, a afirmat Bruynseels.<\/p>\n<p>\u201eJudec\u00e2nd dup\u0103 m\u0103surile guvernamentale de austeritate adoptate, se pare c\u0103 autorit\u0103\u021bile nu \u00een\u021beleg importan\u021ba IMM-urilor, cele care au generat mii de locuri de munc\u0103 \u0219i au contribuit la cre\u0219terea economic\u0103\u201d, a continuat ea.<\/p>\n<p>AUR atrage aten\u021bia c\u0103, pentru a evita o absorb\u021bie \u0219i mai redus\u0103 a fondurilor europene \u00een viitorul Cadrul Financiar Multianual 2028-2034, este necesar\u0103 o schimbare radical\u0103 \u00een abordarea \u0219i gestionarea acestora.<\/p>\n<p>\u201eCei responsabili de pierderile fondurilor europene din ultimii ani ar trebui s\u0103 pl\u0103teasc\u0103 pentru ineficien\u021ba demonstrat\u0103 \u0219i s\u0103 se retrag\u0103 de la putere. To\u021bi ace\u0219ti vinova\u021bi poart\u0103 numele PSD, PNL, USR \u0219i UDMR\u201d, a concluzionat deputatul AUR, Ramona Ioana Bruynseels.<\/p>\n","protected":false},"excerpt":{"rendered":"<p>Ramona Ioana Bruynseels, reprezentanta AUR, a prezentat date alarmante de la Ministerul Investi\u021biilor \u0219i Proiectelor Europene: \u201eDup\u0103 mai bine de cinci ani din cei \u0219apte aloca\u021bi, rata de absorb\u021bie efectiv\u0103 a Rom\u00e2niei este de doar 19,31%. Aceasta este realizarea \u201especiali\u0219tilor\u201d care au fost promova\u021bi la rang de mini\u0219tri \u0219i a instrumentelor de control ale statului [&hellip;]<\/p>\n","protected":false},"author":2,"featured_media":12457,"comment_status":"open","ping_status":"open","sticky":false,"template":"","format":"standard","meta":{"jnews-multi-image_gallery":[],"jnews_single_post":[],"jnews_primary_category":[],"jnews_override_counter":[],"footnotes":""},"categories":[42],"tags":[1916,1068,12464,2280,1845,12758,15231,10319],"class_list":["post-12456","post","type-post","status-publish","format-standard","has-post-thumbnail","hentry","category-politica","tag-aur","tag-buget","tag-cadru-financiar-multianual","tag-ministerul-investitiilor","tag-proiecte-europene","tag-ramona-ioana-bruynseels","tag-rata-de-absorbtie","tag-tehnologii-avansate"],"_links":{"self":[{"href":"https:\/\/www.newsrecorder.ro\/app\/wp-json\/wp\/v2\/posts\/12456","targetHints":{"allow":["GET"]}}],"collection":[{"href":"https:\/\/www.newsrecorder.ro\/app\/wp-json\/wp\/v2\/posts"}],"about":[{"href":"https:\/\/www.newsrecorder.ro\/app\/wp-json\/wp\/v2\/types\/post"}],"author":[{"embeddable":true,"href":"https:\/\/www.newsrecorder.ro\/app\/wp-json\/wp\/v2\/users\/2"}],"replies":[{"embeddable":true,"href":"https:\/\/www.newsrecorder.ro\/app\/wp-json\/wp\/v2\/comments?post=12456"}],"version-history":[{"count":0,"href":"https:\/\/www.newsrecorder.ro\/app\/wp-json\/wp\/v2\/posts\/12456\/revisions"}],"wp:featuredmedia":[{"embeddable":true,"href":"https:\/\/www.newsrecorder.ro\/app\/wp-json\/wp\/v2\/media\/12457"}],"wp:attachment":[{"href":"https:\/\/www.newsrecorder.ro\/app\/wp-json\/wp\/v2\/media?parent=12456"}],"wp:term":[{"taxonomy":"category","embeddable":true,"href":"https:\/\/www.newsrecorder.ro\/app\/wp-json\/wp\/v2\/categories?post=12456"},{"taxonomy":"post_tag","embeddable":true,"href":"https:\/\/www.newsrecorder.ro\/app\/wp-json\/wp\/v2\/tags?post=12456"}],"curies":[{"name":"wp","href":"https:\/\/api.w.org\/{rel}","templated":true}]}}