{"id":12462,"date":"2026-04-06T23:43:06","date_gmt":"2026-04-06T23:43:06","guid":{"rendered":"https:\/\/www.newsrecorder.ro\/app\/2026\/04\/06\/administratia-prezidentiala-romania-are-aprovizionare-stabila-cu-carburanti\/"},"modified":"2026-04-06T23:43:06","modified_gmt":"2026-04-06T23:43:06","slug":"administratia-prezidentiala-romania-are-aprovizionare-stabila-cu-carburanti","status":"publish","type":"post","link":"https:\/\/www.newsrecorder.ro\/app\/2026\/04\/06\/administratia-prezidentiala-romania-are-aprovizionare-stabila-cu-carburanti\/","title":{"rendered":"\u201eAdministra\u021bia Preziden\u021bial\u0103: Rom\u00e2nia are aprovizionare stabil\u0103 cu carburan\u021bi\u201d"},"content":{"rendered":"<p><strong>UPDATE: Deciziile luate la Cotroceni<\/strong><\/p>\n<p>\u00centr-o declara\u021bie oficial\u0103, Administra\u021bia Preziden\u021bial\u0103 a anun\u021bat c\u0103 Rom\u00e2nia nu se confrunt\u0103 \u00een prezent cu probleme de aprovizionare cu combustibili, iar companiile din sector achizi\u021bioneaz\u0103 produse la pre\u021buri care reflect\u0103 pia\u021ba interna\u021bional\u0103. Aceast\u0103 informa\u021bie a fost comunicat\u0103 luni dup\u0103-amiaz\u0103, dup\u0103 o \u00eent\u00e2lnire important\u0103 \u00eentre pre\u0219edintele Rom\u00e2niei, Nicu\u0219or Dan, Prim-ministrul Ilie Bolojan, Ministrul Energiei, Bogdan Ivan, Ministrul Transporturilor \u0219i Infrastructurii, Ciprian \u0218erban, \u0219i reprezentan\u021bi ai companiilor de petrol, OMV Petrom \u0219i Rompetrol. Scopul \u00eent\u00e2lnirii a fost de a evalua situa\u021bia aprovizion\u0103rii cu \u021bi\u021bei \u0219i combustibili, \u00een contextul recentelor evolu\u021bii interna\u021bionale generate de \u00eenchiderea Str\u00e2mtorii Ormuz.<\/p>\n<p>\u201e\u00cen ciuda unei situa\u021bii interna\u021bionale \u00een continu\u0103 schimbare, Pre\u0219edintele, Guvernul \u0219i partenerii din sectorul privat au convenit s\u0103 implementeze un mecanism de comunicare constant. Acesta va permite o monitorizare riguroas\u0103 a situa\u021biei \u0219i o reac\u021bie rapid\u0103, dac\u0103 va fi necesar, pun\u00e2nd accent pe stabilitate \u0219i precau\u021bie\u201d, a ad\u0103ugat Administra\u021bia Preziden\u021bial\u0103.<\/p>\n<p><strong><em>\u0218tirea ini\u021bial\u0103:<\/em><\/strong><\/p>\n<p>Administra\u021bia Preziden\u021bial\u0103 a anun\u021bat c\u0103, \u00eencep\u00e2nd cu ora 14:00, Nicu\u0219or Dan se va \u00eent\u00e2lni cu Prim-ministrul Ilie Bolojan, Ministrul Energiei, Bogdan Ivan, \u0219i Ministrul Transporturilor \u0219i Infrastructurii, Ciprian \u0218erban, al\u0103turi de reprezentan\u021bii companiilor de petrol Petrom \u0219i Rompetrol, pentru a discuta despre aprovizionarea Rom\u00e2niei cu \u021bi\u021bei \u0219i combustibili.<\/p>\n<p>OMV Petrom de\u021bine rafin\u0103ria Petrobrazi, situat\u0103 \u00een Ploie\u0219ti, \u00een timp ce Rompetrol administreaz\u0103 Petromidia N\u0103vodari, cea mai mare rafin\u0103rie din \u021bar\u0103, \u0219i rafin\u0103ria Vega din Ploie\u0219ti. De asemenea, Petrotel, a patra rafin\u0103rie din Rom\u00e2nia, este de\u021binut\u0103 de Lukoil din Rusia \u0219i este \u00eenchis\u0103 din cauza sanc\u021biunilor interna\u021bionale.<\/p>\n<p>Aceast\u0103 \u00eent\u00e2lnire survine dup\u0103 ce Guvernul a declarat, \u00eencep\u00e2nd cu 1 aprilie, stare de criz\u0103 pe pia\u021ba \u021bi\u021beiului \u0219i a produselor petroliere. De asemenea, s-au decis reduceri de accize cu 30 de bani la litrul de motorin\u0103 \u0219i s-a instituit o tax\u0103 de solidaritate pentru anumite companii din sector.<\/p>\n<p><strong>Pozi\u021bia industriei<\/strong><\/p>\n<p>Conducerea Confedera\u021biei Patronale Concordia, care reprezint\u0103 20 dintre cele mai mari industrii din Rom\u00e2nia, a oferit un r\u0103spuns la solicitarea Mediafax, sus\u021bin\u00e2nd m\u0103sura reducerii accizei cu 30 de bani, dar consider\u00e2nd-o o solu\u021bie marginal\u0103. De asemenea, au criticat introducerea noii taxe, subliniind c\u0103 Rom\u00e2nia se confrunt\u0103 deja cu un nivel ridicat de impozitare \u00een Uniunea European\u0103.<\/p>\n<p>Gabriel Biri\u0219, avocat specializat \u00een fiscalitate, a comentat c\u0103 m\u0103surile adoptate de Guvern pentru a atenua cre\u0219terea pre\u021burilor carburantului ar putea atrage un consum crescut, pun\u00e2nd astfel Rom\u00e2nia \u00eentr-o situa\u021bie de penurie, un scenariu pe care Executivul a dorit s\u0103 \u00eel evite. \u201eTaxa de solidaritate, \u00een forma propus\u0103, ar putea aduce mai multe prejudicii dec\u00e2t beneficii. Rom\u00e2nia are deja impozite semnificativ mai mari dec\u00e2t media european\u0103, iar introducerea unei cote de 60% \u00een acest moment, c\u00e2nd ar trebui s\u0103 \u00eencuraj\u0103m investi\u021biile \u00een produc\u021bia intern\u0103, este greu de justificat. De asemenea, aplicarea retroactiv\u0103 a acestei taxe ar putea crea probleme, un scenariu pe care nu ne putem permite s\u0103 \u00eel repet\u0103m\u201d, a declarat Biri\u0219.<\/p>\n<p>Conform conducerii organiza\u021biei Concordia, propunerea lor este clar\u0103: o cot\u0103 de maximum 40%, aplicat\u0103 exclusiv diferen\u021bei pozitive fa\u021b\u0103 de un pre\u021b de 100 USD\/baril, calculat\u0103 lunar pe baza produc\u021biei efective, reprezint\u0103 o abordare corect\u0103 \u0219i echitabil\u0103, esen\u021bial\u0103 pentru stimularea investi\u021biilor necesare \u00een Rom\u00e2nia.<\/p>\n<p>Confedera\u021bia Patronal\u0103 Concordia include 20 dintre cele mai importante sectoare ale economiei rom\u00e2ne\u0219ti, cu peste 4.200 de companii, at\u00e2t mari, c\u00e2t \u0219i mici, contribuind cu 30% la PIB-ul \u021b\u0103rii \u0219i av\u00e2nd aproape o jum\u0103tate de milion de angaja\u021bi.<\/p>\n<p><em>\u0218tire \u00een curs de actualizare.<\/em><\/p>\n","protected":false},"excerpt":{"rendered":"<p>UPDATE: Deciziile luate la Cotroceni \u00centr-o declara\u021bie oficial\u0103, Administra\u021bia Preziden\u021bial\u0103 a anun\u021bat c\u0103 Rom\u00e2nia nu se confrunt\u0103 \u00een prezent cu probleme de aprovizionare cu combustibili, iar companiile din sector achizi\u021bioneaz\u0103 produse la pre\u021buri care reflect\u0103 pia\u021ba interna\u021bional\u0103. Aceast\u0103 informa\u021bie a fost comunicat\u0103 luni dup\u0103-amiaz\u0103, dup\u0103 o \u00eent\u00e2lnire important\u0103 \u00eentre pre\u0219edintele Rom\u00e2niei, Nicu\u0219or Dan, Prim-ministrul Ilie [&hellip;]<\/p>\n","protected":false},"author":4,"featured_media":12463,"comment_status":"open","ping_status":"open","sticky":false,"template":"","format":"standard","meta":{"jnews-multi-image_gallery":[],"jnews_single_post":[],"jnews_primary_category":[],"jnews_override_counter":[],"footnotes":""},"categories":[40],"tags":[1830,3418,8944,2608,286,2914,535,149],"class_list":["post-12462","post","type-post","status-publish","format-standard","has-post-thumbnail","hentry","category-econonie","tag-administratia-prezidentiala","tag-aprovizionare","tag-combustibili","tag-intalnire","tag-nicusor-dan","tag-omv-petrom","tag-preturi","tag-romania"],"_links":{"self":[{"href":"https:\/\/www.newsrecorder.ro\/app\/wp-json\/wp\/v2\/posts\/12462","targetHints":{"allow":["GET"]}}],"collection":[{"href":"https:\/\/www.newsrecorder.ro\/app\/wp-json\/wp\/v2\/posts"}],"about":[{"href":"https:\/\/www.newsrecorder.ro\/app\/wp-json\/wp\/v2\/types\/post"}],"author":[{"embeddable":true,"href":"https:\/\/www.newsrecorder.ro\/app\/wp-json\/wp\/v2\/users\/4"}],"replies":[{"embeddable":true,"href":"https:\/\/www.newsrecorder.ro\/app\/wp-json\/wp\/v2\/comments?post=12462"}],"version-history":[{"count":0,"href":"https:\/\/www.newsrecorder.ro\/app\/wp-json\/wp\/v2\/posts\/12462\/revisions"}],"wp:featuredmedia":[{"embeddable":true,"href":"https:\/\/www.newsrecorder.ro\/app\/wp-json\/wp\/v2\/media\/12463"}],"wp:attachment":[{"href":"https:\/\/www.newsrecorder.ro\/app\/wp-json\/wp\/v2\/media?parent=12462"}],"wp:term":[{"taxonomy":"category","embeddable":true,"href":"https:\/\/www.newsrecorder.ro\/app\/wp-json\/wp\/v2\/categories?post=12462"},{"taxonomy":"post_tag","embeddable":true,"href":"https:\/\/www.newsrecorder.ro\/app\/wp-json\/wp\/v2\/tags?post=12462"}],"curies":[{"name":"wp","href":"https:\/\/api.w.org\/{rel}","templated":true}]}}