{"id":12472,"date":"2026-04-06T23:44:49","date_gmt":"2026-04-06T23:44:49","guid":{"rendered":"https:\/\/www.newsrecorder.ro\/app\/2026\/04\/06\/directorul-festivalului-wireless-sustine-prezenta-lui-kanye-west\/"},"modified":"2026-04-06T23:44:49","modified_gmt":"2026-04-06T23:44:49","slug":"directorul-festivalului-wireless-sustine-prezenta-lui-kanye-west","status":"publish","type":"post","link":"https:\/\/www.newsrecorder.ro\/app\/2026\/04\/06\/directorul-festivalului-wireless-sustine-prezenta-lui-kanye-west\/","title":{"rendered":"Directorul festivalului Wireless sus\u021bine prezen\u021ba lui Kanye West"},"content":{"rendered":"<p>Adecvat\u0103 reac\u021biilor negative fa\u021b\u0103 de prezen\u021ba lui Kanye West, programat\u0103 pentru luna iulie, decizia de a-l exclude a ap\u0103rut \u00een urma retragerii sponsorilor din cadrul evenimentului din Londra \u0219i a criticilor venite din partea politicienilor, conform <a href=\"https:\/\/www.bbc.com\/news\/articles\/cwyvr08l7lzo\" target=\"_blank\" rel=\"noopener\">BBC<\/a>.<\/p>\n<p>Anul trecut, artistul a lansat o melodie controversat\u0103 intitulat\u0103 \u201eHeil Hitler\u201d \u0219i a comercializat tricouri cu svastici. De\u0219i ulterior \u0219i-a cerut scuze \u0219i a invocat tulburarea sa bipolar\u0103 ca motiv pentru comportamentul s\u0103u, reac\u021biile au fost totu\u0219i vehemente.<\/p>\n<p>Melvin Benn, directorul Festival Republic, a declarat c\u0103 \u201eiertarea \u0219i oferirea unei a doua \u0219anse devin din ce \u00een ce mai rare \u00eentr-o lume divizat\u0103\u201d. Cu toate acestea, grupurile evreie\u0219ti au criticat sus\u021binerea acordat\u0103 de Benn lui West.<\/p>\n<p>Phil Rosenberg, pre\u0219edintele Consiliului Deputa\u021bilor Evreilor Britanici, a subliniat c\u0103 declara\u021bia lui Benn \u201enu va lini\u0219ti pe mul\u021bi din comunitatea evreiasc\u0103 sau din alte comunit\u0103\u021bi afectate\u201d.<\/p>\n<p>\u00cen acest context, <a href=\"https:\/\/www.mediafax.ro\/life-inedit\/dreptul-lui-kanye-west-de-a-intra-in-marea-britanie-ar-putea-fi-revizuit-23715998\">guvernul britanic analizeaz\u0103<\/a> posibilitatea de a revizui dreptul lui West de a intra \u00een \u021bar\u0103.<\/p>\n<p>Benn, cunoscut ca un \u201eantifascist profund angajat\u201d, a men\u021bionat c\u0103 a locuit timp de c\u00e2teva luni \u00eentr-un kibbutz din Israel \u00een anii &#8217;70. \u00centr-o declara\u021bie, el a afirmat: \u201eCeea ce a spus Ye despre evrei \u0219i Hitler este la fel de inacceptabil pentru mine ca \u0219i pentru comunitatea evreiasc\u0103, premierul \u0219i to\u021bi cei care au comentat, inclusiv pentru Ye \u00eensu\u0219i\u201d.<\/p>\n<p>El a subliniat importan\u021ba iert\u0103rii, men\u021bion\u00e2nd c\u0103, \u00een ultimii 15 ani, a avut \u00een via\u021ba sa o persoan\u0103 care sufer\u0103 de o afec\u021biune mintal\u0103, observ\u00e2nd comportamente inacceptabile pe care a fost nevoit s\u0103 le ierte. \u201eAm devenit o persoan\u0103 a iert\u0103rii \u0219i a speran\u021bei \u00een toate aspectele vie\u021bii mele, inclusiv \u00een munc\u0103\u201d, a declarat Benn.<\/p>\n<p>El a precizat c\u0103 Wireless Festival nu \u00eei ofer\u0103 lui West o platform\u0103 pentru a \u201epromova opinii de orice natur\u0103\u201d, ci doar pentru a interpreta melodii care sunt populare \u00een prezent pe radio \u0219i platformele de streaming. \u201eA\u0219 ruga oamenii s\u0103 reflecteze asupra reac\u021biilor lor spontane de dezgust fa\u021b\u0103 de posibilitatea ca el s\u0103 c\u00e2nte \u0219i s\u0103 ofere iertare \u0219i speran\u021b\u0103, a\u0219a cum am decis eu s\u0103 fac\u201d, a ad\u0103ugat Benn.<\/p>\n<p>\u00cen contextul controverselor din ultimii ani, Benn a afirmat c\u0103 West are \u201edreptul legal de a intra \u00een \u021bar\u0103 \u0219i de a c\u00e2nta aici\u201d. West, cunoscut acum sub numele de Ye, a st\u00e2rnit indignare datorit\u0103 comentariilor sale antisemite \u0219i pro-naziste, exprim\u00e2ndu-\u0219i regretul \u0219i afirm\u00e2nd c\u0103 este \u201eprofund mortificat\u201d de ac\u021biunile sale, men\u021bion\u00e2nd c\u0103 tulburarea sa bipolar\u0103 \u00eei afecteaz\u0103 judecata.<\/p>\n<p>Rosenberg a comentat pentru BBC: \u201eCele dou\u0103 fapte esen\u021biale r\u0103m\u00e2n c\u0103 Kanye West s-a autoproclamat nazist \u0219i c\u0103 Wireless va beneficia financiar de pe urma spectacolului s\u0103u\u201d.<\/p>\n<p>\u00cen acela\u0219i timp, Consiliul de Conducere Evreiesc a declarat c\u0103 este \u201eprofund dezam\u0103git\u201d de afirma\u021biile lui Benn, consider\u00e2ndu-le o clar\u0103 ne\u00een\u021belegere a problemei. Dup\u0103 anun\u021bul c\u0103 West va fi cap de afi\u0219 la Wireless Festival, mai multe branduri, inclusiv Pepsi, Rockstar Energy \u0219i Diageo, \u0219i-au retras sponsorizarea.<\/p>\n<p>Festivalul, ce se va desf\u0103\u0219ura \u00een Finsbury Park \u0219i va atrage p\u00e2n\u0103 la 150.000 de participan\u021bi anual, este programat s\u0103 aib\u0103 loc \u00een perioada 10-12 iulie.<\/p>\n","protected":false},"excerpt":{"rendered":"<p>Adecvat\u0103 reac\u021biilor negative fa\u021b\u0103 de prezen\u021ba lui Kanye West, programat\u0103 pentru luna iulie, decizia de a-l exclude a ap\u0103rut \u00een urma retragerii sponsorilor din cadrul evenimentului din Londra \u0219i a criticilor venite din partea politicienilor, conform BBC. Anul trecut, artistul a lansat o melodie controversat\u0103 intitulat\u0103 \u201eHeil Hitler\u201d \u0219i a comercializat tricouri cu svastici. De\u0219i [&hellip;]<\/p>\n","protected":false},"author":2,"featured_media":12473,"comment_status":"open","ping_status":"open","sticky":false,"template":"","format":"standard","meta":{"jnews-multi-image_gallery":[],"jnews_single_post":[],"jnews_primary_category":[],"jnews_override_counter":[],"footnotes":""},"categories":[39],"tags":[234,15249,12867,245,14995,15141,15248,15250],"class_list":["post-12472","post","type-post","status-publish","format-standard","has-post-thumbnail","hentry","category-stirile-zilei","tag-controverse","tag-declaratii-publice","tag-evrei","tag-festival","tag-kanye-west","tag-reactii-negative","tag-retragere-sponsori","tag-tulburare-bipolara"],"_links":{"self":[{"href":"https:\/\/www.newsrecorder.ro\/app\/wp-json\/wp\/v2\/posts\/12472","targetHints":{"allow":["GET"]}}],"collection":[{"href":"https:\/\/www.newsrecorder.ro\/app\/wp-json\/wp\/v2\/posts"}],"about":[{"href":"https:\/\/www.newsrecorder.ro\/app\/wp-json\/wp\/v2\/types\/post"}],"author":[{"embeddable":true,"href":"https:\/\/www.newsrecorder.ro\/app\/wp-json\/wp\/v2\/users\/2"}],"replies":[{"embeddable":true,"href":"https:\/\/www.newsrecorder.ro\/app\/wp-json\/wp\/v2\/comments?post=12472"}],"version-history":[{"count":0,"href":"https:\/\/www.newsrecorder.ro\/app\/wp-json\/wp\/v2\/posts\/12472\/revisions"}],"wp:featuredmedia":[{"embeddable":true,"href":"https:\/\/www.newsrecorder.ro\/app\/wp-json\/wp\/v2\/media\/12473"}],"wp:attachment":[{"href":"https:\/\/www.newsrecorder.ro\/app\/wp-json\/wp\/v2\/media?parent=12472"}],"wp:term":[{"taxonomy":"category","embeddable":true,"href":"https:\/\/www.newsrecorder.ro\/app\/wp-json\/wp\/v2\/categories?post=12472"},{"taxonomy":"post_tag","embeddable":true,"href":"https:\/\/www.newsrecorder.ro\/app\/wp-json\/wp\/v2\/tags?post=12472"}],"curies":[{"name":"wp","href":"https:\/\/api.w.org\/{rel}","templated":true}]}}