{"id":12526,"date":"2026-04-07T11:41:54","date_gmt":"2026-04-07T11:41:54","guid":{"rendered":"https:\/\/www.newsrecorder.ro\/app\/2026\/04\/07\/mircea-lucescu-in-stare-critica-razvan-a-fost-chemat-de-urgenta\/"},"modified":"2026-04-07T11:41:54","modified_gmt":"2026-04-07T11:41:54","slug":"mircea-lucescu-in-stare-critica-razvan-a-fost-chemat-de-urgenta","status":"publish","type":"post","link":"https:\/\/www.newsrecorder.ro\/app\/2026\/04\/07\/mircea-lucescu-in-stare-critica-razvan-a-fost-chemat-de-urgenta\/","title":{"rendered":"Mircea Lucescu, \u00een stare critic\u0103: R\u0103zvan a fost chemat de urgen\u021b\u0103!"},"content":{"rendered":"<p>Conform unor surse medicale citate de <a href=\"https:\/\/www.prosport.ro\/fotbal-intern\/nationala\/mircea-lucescu-ati-razvan-lucescu-spital-20415816\" target=\"_blank\" rel=\"noopener\">ProSport<\/a>, R\u0103zvan Lucescu a fost chemat de urgen\u021b\u0103 la spital pentru a discuta cu medicii despre starea de s\u0103n\u0103tate a tat\u0103lui s\u0103u, Mircea Lucescu. Fostul selec\u021bioner, \u00een v\u00e2rst\u0103 de 80 de ani, a suferit un infarct vineri, iar \u00een noaptea de s\u00e2mb\u0103t\u0103 spre duminic\u0103, s\u0103n\u0103tatea sa s-a deteriorat semnificativ. De atunci, el este internat \u00een sec\u021bia de terapie intensiv\u0103 a Spitalului Universitar Bucure\u0219ti, sub monitorizarea constant\u0103 a echipei medicale. Conform rapoartelor din pres\u0103, Lucescu a r\u0103mas \u00een ATI \u0219i pe parcursul zilei de luni, iar situa\u021bia sa medical\u0103 r\u0103m\u00e2ne precar\u0103.<\/p>\n<p>Medicii analizeaz\u0103 posibilitatea de a monta un sistem ECMO, un dispozitiv esen\u021bial \u00een sus\u021binerea func\u021biilor inimii \u0219i pl\u0103m\u00e2nilor \u00een condi\u021bii critice. Decizia cu privire la aceast\u0103 interven\u021bie va fi luat\u0103 \u00een colaborare cu familia pacientului. Acelea\u0219i surse men\u021bioneaz\u0103 c\u0103 procedura de abla\u021bie nu poate fi realizat\u0103 \u00een prezent din cauza problemelor cardiace severe, iar op\u021biunea unui transplant de inim\u0103 este extrem de complicat\u0103.<\/p>\n<p>Ministrul S\u0103n\u0103t\u0103\u021bii, Alexandru Rogobete, a declarat recent la Timi\u0219oara c\u0103 Mircea Lucescu este <a href=\"https:\/\/www.mediafax.ro\/sport\/update-ce-presupune-interventia-pe-care-o-va-suporta-marti-mircea-lucescu-si-cine-este-medicul-venit-din-franta-care-il-va-opera-cum-se-simte-antrenorul-roman-23715967\" target=\"_blank\" rel=\"noopener\">\u00eengrijit \u00een continuare \u00een stare critic\u0103<\/a>, fiind sub observa\u021bie constant\u0103 \u00een sec\u021bia de terapie intensiv\u0103. El a subliniat c\u0103 starea fostului selec\u021bioner r\u0103m\u00e2ne grav\u0103, iar prognosticul medicilor este rezervat. Urm\u0103toarele ore sunt considerate cruciale pentru evolu\u021bia st\u0103rii de s\u0103n\u0103tate a lui Lucescu.<\/p>\n","protected":false},"excerpt":{"rendered":"<p>Conform unor surse medicale citate de ProSport, R\u0103zvan Lucescu a fost chemat de urgen\u021b\u0103 la spital pentru a discuta cu medicii despre starea de s\u0103n\u0103tate a tat\u0103lui s\u0103u, Mircea Lucescu. Fostul selec\u021bioner, \u00een v\u00e2rst\u0103 de 80 de ani, a suferit un infarct vineri, iar \u00een noaptea de s\u00e2mb\u0103t\u0103 spre duminic\u0103, s\u0103n\u0103tatea sa s-a deteriorat semnificativ. [&hellip;]<\/p>\n","protected":false},"author":6,"featured_media":12527,"comment_status":"open","ping_status":"open","sticky":false,"template":"","format":"standard","meta":{"jnews-multi-image_gallery":[],"jnews_single_post":[],"jnews_primary_category":[],"jnews_override_counter":[],"footnotes":""},"categories":[46],"tags":[15312,15311,14726,2528,1331,551,1855,11363],"class_list":["post-12526","post","type-post","status-publish","format-standard","has-post-thumbnail","hentry","category-sport","tag-ablatie","tag-ecmo","tag-infarct","tag-mircea-lucescu","tag-razvan-lucescu","tag-sanatate","tag-spital","tag-terapie-intensiva"],"_links":{"self":[{"href":"https:\/\/www.newsrecorder.ro\/app\/wp-json\/wp\/v2\/posts\/12526","targetHints":{"allow":["GET"]}}],"collection":[{"href":"https:\/\/www.newsrecorder.ro\/app\/wp-json\/wp\/v2\/posts"}],"about":[{"href":"https:\/\/www.newsrecorder.ro\/app\/wp-json\/wp\/v2\/types\/post"}],"author":[{"embeddable":true,"href":"https:\/\/www.newsrecorder.ro\/app\/wp-json\/wp\/v2\/users\/6"}],"replies":[{"embeddable":true,"href":"https:\/\/www.newsrecorder.ro\/app\/wp-json\/wp\/v2\/comments?post=12526"}],"version-history":[{"count":0,"href":"https:\/\/www.newsrecorder.ro\/app\/wp-json\/wp\/v2\/posts\/12526\/revisions"}],"wp:featuredmedia":[{"embeddable":true,"href":"https:\/\/www.newsrecorder.ro\/app\/wp-json\/wp\/v2\/media\/12527"}],"wp:attachment":[{"href":"https:\/\/www.newsrecorder.ro\/app\/wp-json\/wp\/v2\/media?parent=12526"}],"wp:term":[{"taxonomy":"category","embeddable":true,"href":"https:\/\/www.newsrecorder.ro\/app\/wp-json\/wp\/v2\/categories?post=12526"},{"taxonomy":"post_tag","embeddable":true,"href":"https:\/\/www.newsrecorder.ro\/app\/wp-json\/wp\/v2\/tags?post=12526"}],"curies":[{"name":"wp","href":"https:\/\/api.w.org\/{rel}","templated":true}]}}