{"id":12558,"date":"2026-04-07T12:14:30","date_gmt":"2026-04-07T12:14:30","guid":{"rendered":"https:\/\/www.newsrecorder.ro\/app\/2026\/04\/07\/noaptea-un-aliat-surprinzator-iti-salveaza-gradina-de-daunatori\/"},"modified":"2026-04-07T12:14:30","modified_gmt":"2026-04-07T12:14:30","slug":"noaptea-un-aliat-surprinzator-iti-salveaza-gradina-de-daunatori","status":"publish","type":"post","link":"https:\/\/www.newsrecorder.ro\/app\/2026\/04\/07\/noaptea-un-aliat-surprinzator-iti-salveaza-gradina-de-daunatori\/","title":{"rendered":"Noaptea, un aliat surprinz\u0103tor \u00ee\u021bi salveaz\u0103 gr\u0103dina de d\u0103un\u0103tori!"},"content":{"rendered":"<p class=\"font-claude-response-body break-words whitespace-normal leading-[1.7]\">Ariciul comun european, cunoscut \u0219tiin\u021bific sub denumirea de Erinaceus europaeus, este un mamifer semi-nocturn cu o dimensiune de p\u00e2n\u0103 la 30 cm \u0219i o greutate de aproximativ 1,8 kg. Acesta \u00ee\u0219i desf\u0103\u0219oar\u0103 activitatea \u00een lunile de prim\u0103var\u0103 \u0219i var\u0103, din aprilie p\u00e2n\u0103 \u00een octombrie, intr\u00e2nd \u00een hibernare \u00een restul anului, ad\u0103postindu-se sub garduri vii, taluzuri sau cl\u0103diri. Ariciul se deplaseaz\u0103 pe un teritoriu considerabil, \u00eentre trei \u0219i zece hectare, av\u00e2nd obiceiul de a ie\u0219i la c\u0103derea nop\u021bii pentru a se hr\u0103ni sau a c\u0103uta un partener, conform informa\u021biilor furnizate de <a href=\"https:\/\/www.tf1info.fr\/societe\/pourquoi-vous-avez-tout-interet-a-favoriser-la-presence-du-herisson-dans-votre-jardin-2296470.html\" target=\"_blank\" rel=\"noopener\">TF1 Info<\/a>.<\/p>\n<p class=\"font-claude-response-body break-words whitespace-normal leading-[1.7]\">Ce rol joac\u0103 ariciul \u00een gr\u0103dina ta? Lista d\u0103un\u0103torilor pe care \u00eei consum\u0103 este impresionant\u0103: melci, limac\u0219i, omizi, larve \u0219i insecte fitofage. Acestea constituie hrana sa preferat\u0103, fiind consumate noapte de noapte \u00een gr\u0103dina de legume sau \u00een straturile de flori. Pe l\u00e2ng\u0103 protec\u021bia culturilor, ariciul ajut\u0103 \u0219i la aerisirea solului \u00een c\u0103utarea r\u00e2melor, o alt\u0103 delicates\u0103 din dieta sa.<\/p>\n<p class=\"font-claude-response-body break-words whitespace-normal leading-[1.7]\">Prezen\u021ba unui arici \u00een gr\u0103din\u0103 contribuie semnificativ la reducerea necesarului de pesticide \u0219i repelen\u021bi d\u0103un\u0103tori mediului. Practic, acesta ofer\u0103 un serviciu de protec\u021bie a plantelor complet gratuit \u0219i natural.<\/p>\n<p class=\"font-claude-response-body break-words whitespace-normal leading-[1.7]\">Cu toate c\u0103 ariciul european beneficiaz\u0103 de protec\u021bie legal\u0103 din 1981, popula\u021bia sa a sc\u0103zut dramatic. Conform observa\u021biilor efectuate de c\u0103tre asocia\u021bia Sanctuaire du H\u00e9risson din Fran\u021ba, num\u0103rul acestor animale a ajuns la o treime din popula\u021bia \u00eenregistrat\u0103 \u00een anii 1950.<\/p>\n<p class=\"font-claude-response-body break-words whitespace-normal leading-[1.7]\">Amenin\u021b\u0103rile cu care se confrunt\u0103 ariciul sunt variate: c\u00e2inii \u0219i pisicile domestice, vehiculele, pesticide, ma\u0219inile de tuns iarba, uneltele ascu\u021bite \u0219i piscinele, unde se pot \u00eeneca. De asemenea, pierderea habitatului natural \u0219i distrugerea insectelor, care constituie hrana sa de baz\u0103, agraveaz\u0103 \u0219i mai mult situa\u021bia.<\/p>\n<p class=\"font-claude-response-body break-words whitespace-normal leading-[1.7]\">Pentru cei care doresc s\u0103 atrag\u0103 \u0219i s\u0103 protejeze ariciul, c\u00e2teva gesturi simple pot face o diferen\u021b\u0103 semnificativ\u0103. Plantarea unui gard viu, crearea unor accesuri protejate sub teras\u0103 \u0219i amenajarea de mici treceri sub garduri \u00eei permit s\u0103 circule liber \u0219i s\u0103 se ad\u0103posteasc\u0103 \u00een siguran\u021b\u0103. De asemenea, apa proasp\u0103t\u0103 \u0219i crochetele pentru pisici sunt binevenite. Este esen\u021bial\u0103 \u0219i renun\u021barea la pesticide, precum \u0219i o aten\u021bie sporit\u0103 la utilizarea ma\u0219inii de tuns iarba.<\/p>\n<p class=\"font-claude-response-body break-words whitespace-normal leading-[1.7]\">\u00cen cazul \u00een care \u00eent\u00e2lne\u0219ti un arici r\u0103nit sau sl\u0103bit, nu ezita s\u0103 contactezi imediat un medic veterinar pentru a-l ajuta.<\/p>\n","protected":false},"excerpt":{"rendered":"<p>Ariciul comun european, cunoscut \u0219tiin\u021bific sub denumirea de Erinaceus europaeus, este un mamifer semi-nocturn cu o dimensiune de p\u00e2n\u0103 la 30 cm \u0219i o greutate de aproximativ 1,8 kg. Acesta \u00ee\u0219i desf\u0103\u0219oar\u0103 activitatea \u00een lunile de prim\u0103var\u0103 \u0219i var\u0103, din aprilie p\u00e2n\u0103 \u00een octombrie, intr\u00e2nd \u00een hibernare \u00een restul anului, ad\u0103postindu-se sub garduri vii, taluzuri [&hellip;]<\/p>\n","protected":false},"author":2,"featured_media":12559,"comment_status":"open","ping_status":"open","sticky":false,"template":"","format":"standard","meta":{"jnews-multi-image_gallery":[],"jnews_single_post":[],"jnews_primary_category":[],"jnews_override_counter":[],"footnotes":""},"categories":[39],"tags":[15347,15341,15345,15342,15346,15344,13576,15343],"class_list":["post-12558","post","type-post","status-publish","format-standard","has-post-thumbnail","hentry","category-stirile-zilei","tag-aerisire-sol","tag-arici","tag-daunatori","tag-erinaceus-europaeus","tag-gradina","tag-hibernare","tag-hranire","tag-mamifer"],"_links":{"self":[{"href":"https:\/\/www.newsrecorder.ro\/app\/wp-json\/wp\/v2\/posts\/12558","targetHints":{"allow":["GET"]}}],"collection":[{"href":"https:\/\/www.newsrecorder.ro\/app\/wp-json\/wp\/v2\/posts"}],"about":[{"href":"https:\/\/www.newsrecorder.ro\/app\/wp-json\/wp\/v2\/types\/post"}],"author":[{"embeddable":true,"href":"https:\/\/www.newsrecorder.ro\/app\/wp-json\/wp\/v2\/users\/2"}],"replies":[{"embeddable":true,"href":"https:\/\/www.newsrecorder.ro\/app\/wp-json\/wp\/v2\/comments?post=12558"}],"version-history":[{"count":0,"href":"https:\/\/www.newsrecorder.ro\/app\/wp-json\/wp\/v2\/posts\/12558\/revisions"}],"wp:featuredmedia":[{"embeddable":true,"href":"https:\/\/www.newsrecorder.ro\/app\/wp-json\/wp\/v2\/media\/12559"}],"wp:attachment":[{"href":"https:\/\/www.newsrecorder.ro\/app\/wp-json\/wp\/v2\/media?parent=12558"}],"wp:term":[{"taxonomy":"category","embeddable":true,"href":"https:\/\/www.newsrecorder.ro\/app\/wp-json\/wp\/v2\/categories?post=12558"},{"taxonomy":"post_tag","embeddable":true,"href":"https:\/\/www.newsrecorder.ro\/app\/wp-json\/wp\/v2\/tags?post=12558"}],"curies":[{"name":"wp","href":"https:\/\/api.w.org\/{rel}","templated":true}]}}