{"id":12562,"date":"2026-04-07T12:15:36","date_gmt":"2026-04-07T12:15:36","guid":{"rendered":"https:\/\/www.newsrecorder.ro\/app\/2026\/04\/07\/zilele-39-ale-razboiului-confruntare-mortala-la-consulatul-israelian-din-istanbul\/"},"modified":"2026-04-07T12:15:36","modified_gmt":"2026-04-07T12:15:36","slug":"zilele-39-ale-razboiului-confruntare-mortala-la-consulatul-israelian-din-istanbul","status":"publish","type":"post","link":"https:\/\/www.newsrecorder.ro\/app\/2026\/04\/07\/zilele-39-ale-razboiului-confruntare-mortala-la-consulatul-israelian-din-istanbul\/","title":{"rendered":"Zilele 39 ale r\u0103zboiului: confruntare mortal\u0103 la consulatul israelian din Istanbul"},"content":{"rendered":"<p>Un atac recent al for\u021belor israeliene a vizat un pod feroviar \u00een ora\u0219ul Kashan, situat \u00een centrul Iranului, provoc\u00e2nd moartea a dou\u0103 persoane, conform rapoartelor din presa interna\u021bional\u0103. Agen\u021bia de \u0219tiri Mehr l-a citat pe viceguvernatorul ora\u0219ului Isfahan, care a confirmat incidentul. De asemenea, au fost raportate atacuri \u0219i pe autostrada Tabriz-Zanjan din nord-vest, precum \u0219i pe o cale ferat\u0103 din Karaj, \u00een nordul \u021b\u0103rii.<\/p>\n<p>Aceste atacuri au venit dup\u0103 un avertisment din partea armatei israeliene, care a sf\u0103tuit iranienii s\u0103 evite utilizarea trenurilor pentru a-\u0219i proteja siguran\u021ba, p\u00e2n\u0103 la ora 21:00, ora local\u0103.<\/p>\n<p>\u00centr-un context escaladat de tensiuni, Garda Revolu\u021bionar\u0103 din Iran a transmis un mesaj clar \u021b\u0103rilor vecine, afirm\u00e2nd c\u0103 \u201ere\u021binerea s-a \u00eencheiat\u201d \u0219i c\u0103 va viza infrastructura SUA \u0219i a partenerilor din regiune. De asemenea, a amenin\u021bat cu perturbarea aprovizion\u0103rii cu petrol \u0219i gaze pe termen lung.<\/p>\n<p>Avertismentul survine pe fondul termenului limit\u0103 impus de fostul pre\u0219edinte american Donald Trump pentru redeschiderea Str\u00e2mtorii Ormuz de c\u0103tre Iran, cu amenin\u021b\u0103ri c\u0103 va ac\u021biona drastic dac\u0103 Teheranul nu se conformeaz\u0103 cerin\u021belor sale.<\/p>\n<p>\u00centr-un alt incident, \u00een Istanbul, un atac armat a dus la moartea unei persoane \u0219i la r\u0103nirea altor doi atacatori, conform declara\u021biilor guvernatorului ora\u0219ului. Cei trei atacatori, care au sosit cu un vehicul \u00eenchiriat, au fost identifica\u021bi, iar ministrul de interne turc a precizat c\u0103 unul dintre ei avea leg\u0103turi cu o organiza\u021bie care exploateaz\u0103 religia.<\/p>\n<p>De asemenea, insula Kharg din Iran a fost atacat\u0103, iar agen\u021bia de \u0219tiri Mehr a raportat c\u0103 aceasta este un important centru de export de petrol pentru \u021bar\u0103. Aceasta vine pe fondul amenin\u021b\u0103rilor din partea SUA, care au bombardat insula la \u00eenceputul conflictului, promi\u021b\u00e2nd s\u0103 nu afecteze infrastructura petrolier\u0103 a Iranului.<\/p>\n<p>Societatea Crucii Ro\u0219ii Iraniene a publicat o list\u0103 de zone civile vizate de atacurile americano-israeliene din aceast\u0103 diminea\u021b\u0103, inclusiv \u00een Teheran \u0219i provincia Fars. Organiza\u021bia a subliniat c\u0103 atacarea civililor constituie o crim\u0103 de r\u0103zboi, conform dreptului interna\u021bional umanitar, raport\u00e2nd, de asemenea, moartea a cel pu\u021bin 49 de civili \u0219i r\u0103nirea altor 58, \u00eentr-un interval de 24 de ore, ceea ce reprezint\u0103 o intensificare alarmant\u0103 a violen\u021bei.<\/p>\n<p>Criza combustibililor s-a agravat, \u0219eful Agen\u021biei Interna\u021bionale pentru Energie avertiz\u00e2nd c\u0103 situa\u021bia actual\u0103 este mai grav\u0103 dec\u00e2t crizele din 1973, 1979 \u0219i 2002 la un loc. Aceast\u0103 criz\u0103, cauzat\u0103 de blocada impus\u0103 de Iran asupra Str\u00e2mtorii Ormuz, afecteaz\u0103 \u00een special na\u021biunile \u00een dezvoltare, a c\u0103ror popula\u021bie va suporta o povar\u0103 economic\u0103 considerabil\u0103 din cauza cre\u0219terii pre\u021burilor la energie \u0219i alimente.<\/p>\n<p>Un pod crucial \u00eentre Arabia Saudit\u0103 \u0219i Bahrain a fost redeschis dup\u0103 ce a fost \u00eenchis temporar din cauza unor amenin\u021b\u0103ri, iar pre\u0219edintele Iranului a declarat c\u0103 el \u0219i al\u021bi 14 milioane de iranieni sunt dispu\u0219i s\u0103 se sacrifice pentru a ap\u0103ra \u021bara \u00een caz de invazie. Aceasta este parte a campaniei na\u021bionale de mobilizare, \u00een contextul \u00een care Iranul se confrunt\u0103 cu o intensificare a amenin\u021b\u0103rilor externe.<\/p>\n<p>Pe fundalul acestor tensiuni, un muzician iranian a decis s\u0103-\u0219i instaleze tab\u0103ra \u00een fa\u021ba unei centrale electrice pentru a ajuta la protejarea infrastructurii energetice a \u021b\u0103rii, \u00een urma amenin\u021b\u0103rilor cu atacuri din partea SUA. La r\u00e2ndul s\u0103u, armata israelian\u0103 a emis un avertisment urgent c\u0103tre iranieni, cer\u00e2ndu-le s\u0103 evite utilizarea trenurilor p\u00e2n\u0103 la ora 21:00, invoc\u00e2nd motive de siguran\u021b\u0103.<\/p>\n<p>Donald Trump a declarat c\u0103 un avion de v\u00e2n\u0103toare F-15E american a fost dobor\u00e2t de o rachet\u0103 lansat\u0103 de pe um\u0103r, subliniind riscurile \u0219i provoc\u0103rile cu care se confrunt\u0103 for\u021bele americane \u00een regiune. De asemenea, ambasadorul iranian \u00een Pakistan a declarat c\u0103 eforturile diplomatice pentru a pune cap\u0103t conflictului se afl\u0103 \u00eentr-un stadiu critic, \u00een vreme ce pre\u021burile petrolului au crescut ca urmare a amenin\u021b\u0103rilor lui Trump la adresa Iranului.<\/p>\n<p>\u00cen acest climat tensionat, oficialii iranieni continu\u0103 s\u0103 fac\u0103 apel la tineri s\u0103 se mobilizeze \u0219i s\u0103 formeze lan\u021buri umane \u00een jurul centralelor electrice, reafirm\u00e2ndu-\u0219i angajamentul de a proteja infrastructura na\u021bional\u0103. \u00centre timp, liderul suprem al Iranului, Mojtaba Khamenei, a declarat c\u0103 for\u021bele iraniene nu vor fi descurajate de asasinarea comandan\u021bilor, reafirm\u00e2nd determinarea de a lupta \u00eempotriva amenin\u021b\u0103rilor externe.<\/p>\n","protected":false},"excerpt":{"rendered":"<p>Un atac recent al for\u021belor israeliene a vizat un pod feroviar \u00een ora\u0219ul Kashan, situat \u00een centrul Iranului, provoc\u00e2nd moartea a dou\u0103 persoane, conform rapoartelor din presa interna\u021bional\u0103. Agen\u021bia de \u0219tiri Mehr l-a citat pe viceguvernatorul ora\u0219ului Isfahan, care a confirmat incidentul. De asemenea, au fost raportate atacuri \u0219i pe autostrada Tabriz-Zanjan din nord-vest, precum [&hellip;]<\/p>\n","protected":false},"author":2,"featured_media":12563,"comment_status":"open","ping_status":"open","sticky":false,"template":"","format":"standard","meta":{"jnews-multi-image_gallery":[],"jnews_single_post":[],"jnews_primary_category":[],"jnews_override_counter":[],"footnotes":""},"categories":[39],"tags":[1084,9052,460,913,268,7801,1118,1357],"class_list":["post-12562","post","type-post","status-publish","format-standard","has-post-thumbnail","hentry","category-stirile-zilei","tag-atacuri","tag-garda-revolutionara","tag-infrastructura","tag-iran","tag-israel","tag-petroliere","tag-siguranta","tag-tensiuni"],"_links":{"self":[{"href":"https:\/\/www.newsrecorder.ro\/app\/wp-json\/wp\/v2\/posts\/12562","targetHints":{"allow":["GET"]}}],"collection":[{"href":"https:\/\/www.newsrecorder.ro\/app\/wp-json\/wp\/v2\/posts"}],"about":[{"href":"https:\/\/www.newsrecorder.ro\/app\/wp-json\/wp\/v2\/types\/post"}],"author":[{"embeddable":true,"href":"https:\/\/www.newsrecorder.ro\/app\/wp-json\/wp\/v2\/users\/2"}],"replies":[{"embeddable":true,"href":"https:\/\/www.newsrecorder.ro\/app\/wp-json\/wp\/v2\/comments?post=12562"}],"version-history":[{"count":0,"href":"https:\/\/www.newsrecorder.ro\/app\/wp-json\/wp\/v2\/posts\/12562\/revisions"}],"wp:featuredmedia":[{"embeddable":true,"href":"https:\/\/www.newsrecorder.ro\/app\/wp-json\/wp\/v2\/media\/12563"}],"wp:attachment":[{"href":"https:\/\/www.newsrecorder.ro\/app\/wp-json\/wp\/v2\/media?parent=12562"}],"wp:term":[{"taxonomy":"category","embeddable":true,"href":"https:\/\/www.newsrecorder.ro\/app\/wp-json\/wp\/v2\/categories?post=12562"},{"taxonomy":"post_tag","embeddable":true,"href":"https:\/\/www.newsrecorder.ro\/app\/wp-json\/wp\/v2\/tags?post=12562"}],"curies":[{"name":"wp","href":"https:\/\/api.w.org\/{rel}","templated":true}]}}