{"id":12568,"date":"2026-04-07T13:12:33","date_gmt":"2026-04-07T13:12:33","guid":{"rendered":"https:\/\/www.newsrecorder.ro\/app\/2026\/04\/07\/nicusor-dan-comenteaza-iesirea-psd-ce-va-face-cu-bolojan\/"},"modified":"2026-04-07T13:12:33","modified_gmt":"2026-04-07T13:12:33","slug":"nicusor-dan-comenteaza-iesirea-psd-ce-va-face-cu-bolojan","status":"publish","type":"post","link":"https:\/\/www.newsrecorder.ro\/app\/2026\/04\/07\/nicusor-dan-comenteaza-iesirea-psd-ce-va-face-cu-bolojan\/","title":{"rendered":"Nicu\u0219or Dan comenteaz\u0103 ie\u0219irea PSD: Ce va face cu Bolojan?"},"content":{"rendered":"<p>Pre\u0219edintele Rom\u00e2niei, Nicu\u0219or Dan, a subliniat mar\u021bi, cu ocazia inaugur\u0103rii Centrului de mari ar\u0219i al Spitalului Clinic Jude\u021bean de Urgen\u021b\u0103 Pius Br\u00eenzeu din Timi\u0219oara, importan\u021ba continu\u0103rii proiectelor esen\u021biale ale \u021b\u0103rii, \u00een ciuda tensiunilor politice existente \u00een coali\u021bie.<\/p>\n<p>\u00cen cadrul discursului s\u0103u, pre\u0219edintele a f\u0103cut o evaluare a st\u0103rii centrelor pentru mari ar\u0219i din Rom\u00e2nia, care beneficiaz\u0103 de suport din partea B\u0103ncii Mondiale. El a eviden\u021biat c\u0103 stadiul lucr\u0103rilor variaz\u0103 considerabil \u00eentre diferitele loca\u021bii din \u021bar\u0103.<\/p>\n<p>\u201eAvem trei spitale de mari ar\u0219i finan\u021bate de Banca Mondial\u0103&#8230; Aici, dup\u0103 cum observa\u021bi, construc\u021bia este aproape finalizat\u0103, av\u00e2nd un grad de realizare de 95%, urm\u00e2nd s\u0103 fie dotat cu echipamente. La T\u00e2rgu Mure\u0219, stadiul este de aproximativ 80%, iar la Bucure\u0219ti, la Spitalul Grigore Alexandrescu, ne afl\u0103m la 50% din acest proiect, unde am semnat autoriza\u021bia acum patru ani\u201d, a declarat Nicu\u0219or Dan.<\/p>\n<p>Referitor la situa\u021bia politic\u0103 actual\u0103 \u0219i la specula\u021biile privind posibila ie\u0219ire a PSD de la guvernare, pre\u0219edintele a evitat s\u0103 ofere comentarii asupra unor scenarii specifice. Totu\u0219i, el a subliniat necesitatea stabilit\u0103\u021bii \u0219i a colabor\u0103rii \u00eentre partidele pro-occidentale aflate la putere.<\/p>\n<p>\u201eAvem o conjunctur\u0103 parlamentar\u0103 care impune celor patru partide pro-occidentale \u0219i minorit\u0103\u021bilor na\u021bionale s\u0103 colaboreze pentru a \u00eendeplini obiectivele asumate de Rom\u00e2nia. Aceste partide, \u00een ciuda zgomotului mediatic, au colaborat eficient pentru OCDE \u0219i au avut progrese notabile \u00een cadrul PNRR\u201d, a afirmat el.<\/p>\n<p>\u201eMai au la dispozi\u021bie cinci luni pentru a absorbi fondurile. Astfel, cred c\u0103, dincolo de declara\u021biile politice \u0219i de jocurile de putere, este esen\u021bial s\u0103 existe responsabilitate fa\u021b\u0103 de obiectivele mari pe care Rom\u00e2nia \u0219i le-a stabilit\u201d, a ad\u0103ugat pre\u0219edintele.<\/p>\n<p>C\u00e2nd a fost \u00eentrebat dac\u0103 va solicita demisia premierului Ilie Bolojan, Nicu\u0219or Dan a respins aceast\u0103 idee. <\/p>\n<p>\u201eEu? \u00cen ce calitate? Nu cred c\u0103 trebuie s\u0103 analiz\u0103m toate scenariile posibile&#8230; Ceea ce pot s\u0103 afirm este c\u0103 exist\u0103 responsabilitate \u0219i c\u0103 voi media \u0219i discuta pentru ca proiectele importante ale Rom\u00e2niei s\u0103 progreseze\u201d, a concluzionat pre\u0219edintele.<\/p>\n","protected":false},"excerpt":{"rendered":"<p>Pre\u0219edintele Rom\u00e2niei, Nicu\u0219or Dan, a subliniat mar\u021bi, cu ocazia inaugur\u0103rii Centrului de mari ar\u0219i al Spitalului Clinic Jude\u021bean de Urgen\u021b\u0103 Pius Br\u00eenzeu din Timi\u0219oara, importan\u021ba continu\u0103rii proiectelor esen\u021biale ale \u021b\u0103rii, \u00een ciuda tensiunilor politice existente \u00een coali\u021bie. \u00cen cadrul discursului s\u0103u, pre\u0219edintele a f\u0103cut o evaluare a st\u0103rii centrelor pentru mari ar\u0219i din Rom\u00e2nia, care [&hellip;]<\/p>\n","protected":false},"author":2,"featured_media":12569,"comment_status":"open","ping_status":"open","sticky":false,"template":"","format":"standard","meta":{"jnews-multi-image_gallery":[],"jnews_single_post":[],"jnews_primary_category":[],"jnews_override_counter":[],"footnotes":""},"categories":[42],"tags":[946,3435,286,290,6482,15358,15359,830],"class_list":["post-12568","post","type-post","status-publish","format-standard","has-post-thumbnail","hentry","category-politica","tag-banca-mondiala","tag-centrul-de-mari-arsi","tag-nicusor-dan","tag-presedintele-romaniei","tag-proiecte-esentiale","tag-spital-clinic-judetean","tag-spitale-de-mari-arsi","tag-timisoara"],"_links":{"self":[{"href":"https:\/\/www.newsrecorder.ro\/app\/wp-json\/wp\/v2\/posts\/12568","targetHints":{"allow":["GET"]}}],"collection":[{"href":"https:\/\/www.newsrecorder.ro\/app\/wp-json\/wp\/v2\/posts"}],"about":[{"href":"https:\/\/www.newsrecorder.ro\/app\/wp-json\/wp\/v2\/types\/post"}],"author":[{"embeddable":true,"href":"https:\/\/www.newsrecorder.ro\/app\/wp-json\/wp\/v2\/users\/2"}],"replies":[{"embeddable":true,"href":"https:\/\/www.newsrecorder.ro\/app\/wp-json\/wp\/v2\/comments?post=12568"}],"version-history":[{"count":0,"href":"https:\/\/www.newsrecorder.ro\/app\/wp-json\/wp\/v2\/posts\/12568\/revisions"}],"wp:featuredmedia":[{"embeddable":true,"href":"https:\/\/www.newsrecorder.ro\/app\/wp-json\/wp\/v2\/media\/12569"}],"wp:attachment":[{"href":"https:\/\/www.newsrecorder.ro\/app\/wp-json\/wp\/v2\/media?parent=12568"}],"wp:term":[{"taxonomy":"category","embeddable":true,"href":"https:\/\/www.newsrecorder.ro\/app\/wp-json\/wp\/v2\/categories?post=12568"},{"taxonomy":"post_tag","embeddable":true,"href":"https:\/\/www.newsrecorder.ro\/app\/wp-json\/wp\/v2\/tags?post=12568"}],"curies":[{"name":"wp","href":"https:\/\/api.w.org\/{rel}","templated":true}]}}