{"id":12574,"date":"2026-04-07T13:14:04","date_gmt":"2026-04-07T13:14:04","guid":{"rendered":"https:\/\/www.newsrecorder.ro\/app\/2026\/04\/07\/ue-solicita-actiuni-urgente-pentru-securitatea-in-contextul-conflictului-din-orientul-mijlociu\/"},"modified":"2026-04-07T13:14:04","modified_gmt":"2026-04-07T13:14:04","slug":"ue-solicita-actiuni-urgente-pentru-securitatea-in-contextul-conflictului-din-orientul-mijlociu","status":"publish","type":"post","link":"https:\/\/www.newsrecorder.ro\/app\/2026\/04\/07\/ue-solicita-actiuni-urgente-pentru-securitatea-in-contextul-conflictului-din-orientul-mijlociu\/","title":{"rendered":"UE solicit\u0103 ac\u021biuni urgente pentru securitatea \u00een contextul conflictului din Orientul Mijlociu"},"content":{"rendered":"<p>Comisia European\u0103 a emis o avertizare pentru statele membre, solicit\u00e2ndu-le s\u0103 \u00ee\u0219i \u00eent\u0103reasc\u0103 m\u0103surile de securitate \u00een contextul cre\u0219terii riscurilor asociate situa\u021biei din Orientul Mijlociu, conform celor relatate de <a href=\"https:\/\/www.euractiv.com\/news\/eu-urges-countries-to-prepare-for-security-threats-from-middle-east\/\">Euractiv<\/a>.<\/p>\n<p>Oficialii europeni subliniaz\u0103 existen\u021ba unor vulnerabilit\u0103\u021bi \u00een ceea ce prive\u0219te controlul frontierelor, dar \u0219i \u00een protec\u021bia infrastructurii critice.<\/p>\n<p>Magnus Brunner, comisar european pentru securitate intern\u0103, a transmis un mesaj mini\u0219trilor de interne din cele 27 de state membre, eviden\u021biind necesitatea unei preg\u0103tiri adecvate pentru a preveni o escaladare a situa\u021biei.<\/p>\n<p>\u201eDe\u0219i to\u021bi sper\u0103m \u00eentr-o solu\u021bionare rapid\u0103 a conflictului din Orientul Mijlociu, trebuie s\u0103 fim preg\u0103ti\u021bi pentru toate scenariile posibile\u201d, a declarat Brunner.<\/p>\n<p>El a cerut statelor s\u0103 implementeze integral legisla\u021bia adoptat\u0103 la nivel european \u00een 2022, care are scopul de a proteja infrastructura esen\u021bial\u0103, de la re\u021bele energetice la institu\u021bii financiare, considerate posibile \u201e\u021binte u\u0219or de atacat\u201d.<\/p>\n<p>Termenul limit\u0103 pentru transpunerea acestor reguli \u00een legisla\u021bia na\u021bional\u0103 a expirat \u00een 2024, dar multe state nu au finalizat acest proces. \u00cen alte cazuri, aplicarea m\u0103surilor \u00eent\u00e2mpin\u0103 dificult\u0103\u021bi.<\/p>\n<p>\u201eUn num\u0103r de state membre nu au finalizat \u00eenc\u0103 transpunerea, iar pentru cele care au implementat legile, persist\u0103 provoc\u0103ri \u00een ceea ce prive\u0219te aplicarea acestora\u201d, a ad\u0103ugat comisarul.<\/p>\n<p>Problemele se extind \u0219i \u00een domeniul securit\u0103\u021bii cibernetice, unde unele guverne se confrunt\u0103 cu dificult\u0103\u021bi \u00een a aplica directiva NIS2, care are ca obiectiv protejarea sectoarelor critice \u00eempotriva atacurilor informatice.<\/p>\n<p>Comisia European\u0103 a subliniat, de asemenea, c\u0103 noul sistem de intrare\/ie\u0219ire (EES), care va colecta date biometrice ale c\u0103l\u0103torilor, nu ar trebui s\u0103 genereze \u201elacune de securitate\u201d \u00een cazul unei implement\u0103ri incomplete. Majoritatea statelor membre ar trebui s\u0103 fie preg\u0103tite s\u0103 \u00eel activeze \u00een perioada urm\u0103toare.<\/p>\n<p>Brunner a men\u021bionat c\u0103 Sistemul de Informa\u021bii Schengen, care ajut\u0103 la identificarea persoanelor considerate riscante, are un rol crucial: \u201eAcest lucru este deosebit de important \u00een contextul poten\u021bialei \u00eentoarceri a lupt\u0103torilor terori\u0219ti str\u0103ini\u201d, a afirmat el.<\/p>\n<p>\u00cen scopul protej\u0103rii unor obiective sensibile, Comisia European\u0103 a alocat o sum\u0103 de 5 milioane de euro pentru securizarea siturilor evreie\u0219ti, considerate posibile \u021binte. Institu\u021bia analizeaz\u0103 chiar \u0219i o posibil\u0103 suplimentare a fondurilor.<\/p>\n<p>De\u0219i, p\u00e2n\u0103 \u00een prezent, nu s-a observat o cre\u0219tere a fluxurilor de migran\u021bi spre Uniunea European\u0103 din cauza conflictului din Iran, oficialii europeni solicit\u0103 accelerarea preg\u0103tirilor pentru noul pact privind migra\u021bia, av\u00e2nd \u00een vedere termenul limit\u0103 stabilit pentru luna iunie.<\/p>\n","protected":false},"excerpt":{"rendered":"<p>Comisia European\u0103 a emis o avertizare pentru statele membre, solicit\u00e2ndu-le s\u0103 \u00ee\u0219i \u00eent\u0103reasc\u0103 m\u0103surile de securitate \u00een contextul cre\u0219terii riscurilor asociate situa\u021biei din Orientul Mijlociu, conform celor relatate de Euractiv. Oficialii europeni subliniaz\u0103 existen\u021ba unor vulnerabilit\u0103\u021bi \u00een ceea ce prive\u0219te controlul frontierelor, dar \u0219i \u00een protec\u021bia infrastructurii critice. Magnus Brunner, comisar european pentru securitate intern\u0103, [&hellip;]<\/p>\n","protected":false},"author":2,"featured_media":12575,"comment_status":"open","ping_status":"open","sticky":false,"template":"","format":"standard","meta":{"jnews-multi-image_gallery":[],"jnews_single_post":[],"jnews_primary_category":[],"jnews_override_counter":[],"footnotes":""},"categories":[39],"tags":[499,15367,9574,4948,2523,2211,5614,8349],"class_list":["post-12574","post","type-post","status-publish","format-standard","has-post-thumbnail","hentry","category-stirile-zilei","tag-comisia-europeana","tag-controlul-frontierelor","tag-infrastructura-critica","tag-legislatie-europeana","tag-masuri-de-securitate","tag-orientul-mijlociu","tag-securitate-interna","tag-vulnerabilitati"],"_links":{"self":[{"href":"https:\/\/www.newsrecorder.ro\/app\/wp-json\/wp\/v2\/posts\/12574","targetHints":{"allow":["GET"]}}],"collection":[{"href":"https:\/\/www.newsrecorder.ro\/app\/wp-json\/wp\/v2\/posts"}],"about":[{"href":"https:\/\/www.newsrecorder.ro\/app\/wp-json\/wp\/v2\/types\/post"}],"author":[{"embeddable":true,"href":"https:\/\/www.newsrecorder.ro\/app\/wp-json\/wp\/v2\/users\/2"}],"replies":[{"embeddable":true,"href":"https:\/\/www.newsrecorder.ro\/app\/wp-json\/wp\/v2\/comments?post=12574"}],"version-history":[{"count":0,"href":"https:\/\/www.newsrecorder.ro\/app\/wp-json\/wp\/v2\/posts\/12574\/revisions"}],"wp:featuredmedia":[{"embeddable":true,"href":"https:\/\/www.newsrecorder.ro\/app\/wp-json\/wp\/v2\/media\/12575"}],"wp:attachment":[{"href":"https:\/\/www.newsrecorder.ro\/app\/wp-json\/wp\/v2\/media?parent=12574"}],"wp:term":[{"taxonomy":"category","embeddable":true,"href":"https:\/\/www.newsrecorder.ro\/app\/wp-json\/wp\/v2\/categories?post=12574"},{"taxonomy":"post_tag","embeddable":true,"href":"https:\/\/www.newsrecorder.ro\/app\/wp-json\/wp\/v2\/tags?post=12574"}],"curies":[{"name":"wp","href":"https:\/\/api.w.org\/{rel}","templated":true}]}}