{"id":12618,"date":"2026-04-07T23:11:47","date_gmt":"2026-04-07T23:11:47","guid":{"rendered":"https:\/\/www.newsrecorder.ro\/app\/2026\/04\/07\/trump-propune-armistitiu-de-doua-saptamani-cu-iranul-dar-cu-o-conditie\/"},"modified":"2026-04-07T23:11:47","modified_gmt":"2026-04-07T23:11:47","slug":"trump-propune-armistitiu-de-doua-saptamani-cu-iranul-dar-cu-o-conditie","status":"publish","type":"post","link":"https:\/\/www.newsrecorder.ro\/app\/2026\/04\/07\/trump-propune-armistitiu-de-doua-saptamani-cu-iranul-dar-cu-o-conditie\/","title":{"rendered":"Trump propune armisti\u021biu de dou\u0103 s\u0103pt\u0103m\u00e2ni cu Iranul, dar cu o condi\u021bie!"},"content":{"rendered":"<p>\u00centr-o postare recent\u0103 pe platforma Truth Social, Donald Trump a anun\u021bat o decizie semnificativ\u0103: \u201ePe baza discu\u021biilor cu prim-ministrul Shehbaz Sharif \u0219i cu feldmare\u0219alul Asim Munir\u2026 am decis s\u0103 suspend bombardamentele \u0219i atacurile asupra Iranului pentru o perioad\u0103 de dou\u0103 s\u0103pt\u0103m\u00e2ni. Acesta va fi un ARMISTI\u021aIU bilateral!\u201d<\/p>\n<p>Acest armisti\u021biu este subiectul unei condi\u021bii esen\u021biale din partea pre\u0219edintelui american: \u201ecu condi\u021bia ca Republica Islamic\u0103 Iran s\u0103 accepte deschiderea COMPLET\u0102, IMEDIAT\u0102 \u0219i SIGUR\u0102 a Str\u00e2mtorii Ormuz\u201d.<\/p>\n<p>Trump a men\u021bionat c\u0103 aceast\u0103 ini\u021biativ\u0103 vine dup\u0103 ce \u201eam atins \u0219i dep\u0103\u0219it toate obiectivele militare\u201d \u0219i a subliniat c\u0103 negocierile pentru pace sunt \u00eentr-un stadiu avansat.<\/p>\n<p>\u201eSuntem foarte aproape de un acord definitiv privind pacea pe termen lung cu Iranul \u0219i stabilitatea \u00een Orientul Mijlociu\u201d, a ad\u0103ugat el.<\/p>\n<p>\u00cen plus, Trump a dezv\u0103luit c\u0103 a primit o propunere \u00een 10 puncte din partea Iranului, consider\u00e2nd-o o baz\u0103 viabil\u0103 pentru negocieri. \u201eAproape toate punctele de disput\u0103 din trecut au fost deja agreate \u00eentre Statele Unite \u0219i Iran\u201d, a explicat el.<\/p>\n<p>\u00cen concluzie, Trump a men\u021bionat c\u0103 perioada de dou\u0103 s\u0103pt\u0103m\u00e2ni va oferi timpul necesar pentru finalizarea acordului. \u201eAcest interval va permite definitivarea \u0219i oficializarea \u00een\u021belegerii. Este o onoare s\u0103 contribuim la rezolvarea acestei probleme de lung\u0103 durat\u0103 \u0219i la aducerea p\u0103cii \u00een Orientul Mijlociu\u201d, a \u00eencheiat el. <\/p>\n","protected":false},"excerpt":{"rendered":"<p>\u00centr-o postare recent\u0103 pe platforma Truth Social, Donald Trump a anun\u021bat o decizie semnificativ\u0103: \u201ePe baza discu\u021biilor cu prim-ministrul Shehbaz Sharif \u0219i cu feldmare\u0219alul Asim Munir\u2026 am decis s\u0103 suspend bombardamentele \u0219i atacurile asupra Iranului pentru o perioad\u0103 de dou\u0103 s\u0103pt\u0103m\u00e2ni. Acesta va fi un ARMISTI\u021aIU bilateral!\u201d Acest armisti\u021biu este subiectul unei condi\u021bii esen\u021biale din [&hellip;]<\/p>\n","protected":false},"author":2,"featured_media":12619,"comment_status":"open","ping_status":"open","sticky":false,"template":"","format":"standard","meta":{"jnews-multi-image_gallery":[],"jnews_single_post":[],"jnews_primary_category":[],"jnews_override_counter":[],"footnotes":""},"categories":[41],"tags":[2209,15378,31,913,15377,2211,1005,8772],"class_list":["post-12618","post","type-post","status-publish","format-standard","has-post-thumbnail","hentry","category-externe","tag-armistitiu","tag-conditii","tag-jnews_demo_donald-trump","tag-iran","tag-negocieri-pentru-pace","tag-orientul-mijlociu","tag-stabilitate","tag-stramtoarea-ormuz"],"_links":{"self":[{"href":"https:\/\/www.newsrecorder.ro\/app\/wp-json\/wp\/v2\/posts\/12618","targetHints":{"allow":["GET"]}}],"collection":[{"href":"https:\/\/www.newsrecorder.ro\/app\/wp-json\/wp\/v2\/posts"}],"about":[{"href":"https:\/\/www.newsrecorder.ro\/app\/wp-json\/wp\/v2\/types\/post"}],"author":[{"embeddable":true,"href":"https:\/\/www.newsrecorder.ro\/app\/wp-json\/wp\/v2\/users\/2"}],"replies":[{"embeddable":true,"href":"https:\/\/www.newsrecorder.ro\/app\/wp-json\/wp\/v2\/comments?post=12618"}],"version-history":[{"count":0,"href":"https:\/\/www.newsrecorder.ro\/app\/wp-json\/wp\/v2\/posts\/12618\/revisions"}],"wp:featuredmedia":[{"embeddable":true,"href":"https:\/\/www.newsrecorder.ro\/app\/wp-json\/wp\/v2\/media\/12619"}],"wp:attachment":[{"href":"https:\/\/www.newsrecorder.ro\/app\/wp-json\/wp\/v2\/media?parent=12618"}],"wp:term":[{"taxonomy":"category","embeddable":true,"href":"https:\/\/www.newsrecorder.ro\/app\/wp-json\/wp\/v2\/categories?post=12618"},{"taxonomy":"post_tag","embeddable":true,"href":"https:\/\/www.newsrecorder.ro\/app\/wp-json\/wp\/v2\/tags?post=12618"}],"curies":[{"name":"wp","href":"https:\/\/api.w.org\/{rel}","templated":true}]}}