{"id":12634,"date":"2026-04-07T23:14:43","date_gmt":"2026-04-07T23:14:43","guid":{"rendered":"https:\/\/www.newsrecorder.ro\/app\/2026\/04\/07\/iranul-intrerupe-legaturile-cu-sua-proteste-masive-pe-poduri\/"},"modified":"2026-04-07T23:14:43","modified_gmt":"2026-04-07T23:14:43","slug":"iranul-intrerupe-legaturile-cu-sua-proteste-masive-pe-poduri","status":"publish","type":"post","link":"https:\/\/www.newsrecorder.ro\/app\/2026\/04\/07\/iranul-intrerupe-legaturile-cu-sua-proteste-masive-pe-poduri\/","title":{"rendered":"Iranul \u00eentrerupe leg\u0103turile cu SUA: proteste masive pe poduri!"},"content":{"rendered":"<p>Iranul a decis s\u0103 suspend\u0103 toate contactele diplomatice directe cu Statele Unite, ca reac\u021bie la amenin\u021b\u0103rile formulate de Donald Trump, care a declarat c\u0103 va \u201edistruge civiliza\u021bia iranian\u0103\u201d, conform unui raport publicat de <a href=\"https:\/\/www.wsj.com\/livecoverage\/iran-war-2026-trump-deadline-latest-news\/card\/iran-cuts-off-direct-diplomacy-with-u-s--bewqu8r2G6yv4UuZNztt\" target=\"_blank\" rel=\"nofollow noopener\">The Wall Street Journal<\/a>. Cu toate acestea, negocierile prin intermediari continu\u0103, conform surselor citate de publica\u021bie.<\/p>\n<p>Refuzul Iranului de a se angaja \u00een discu\u021bii directe complic\u0103 eforturile de a ajunge la un acord \u00eenainte de termenul limit\u0103 stabilit de Trump, care este fixat pentru ora 3:00 diminea\u021ba, ora Rom\u00e2niei, pe 8 aprilie. Acelea\u0219i surse au subliniat c\u0103 Iranul dore\u0219te s\u0103 transmit\u0103 un mesaj de \u201edezaprobat \u0219i sfidare\u201d prin \u00eentreruperea comunic\u0103rilor.<\/p>\n<p>\u00centr-o alt\u0103 relatare, <strong>NY Times<\/strong> a informat c\u0103 \u201eIranul a \u00eencetat negocierile cu Statele Unite, anun\u021b\u00e2nd Pakistanul c\u0103 nu va mai continua discu\u021biile privind \u00eencetarea focului\u201d, conform declara\u021biilor a trei oficiali de rang \u00eenalt din Iran.<\/p>\n<p>\u00cen contextul acestor tensiuni, cet\u0103\u021benii iranieni au organizat proteste, form\u00e2nd lan\u021buri umane \u00een jurul podurilor \u0219i centralelor electrice \u0219i nucleare ca r\u0103spuns la amenin\u021b\u0103rile lui Trump. Videoclipuri \u0219i fotografii difuzate de presa de stat \u0219i alte surse locale arat\u0103 manifestan\u021bi flutur\u00e2nd steagul Republicii Islamice \u0219i purt\u00e2nd imagini cu liderul suprem, ayatollahul Ali Khamenei, care a fost vizat \u00een atacurile ini\u021biale ale conflictului dintre SUA \u0219i Israel.<\/p>\n<p>\u00cen ora\u0219ul Kermanshah, fotografiile agen\u021biei de \u0219tiri semioficiale Mehr au surprins protestatari \u00een fa\u021ba unei centrale electrice, purt\u00e2nd un banner cu mesajul: \u201eAtacurile asupra infrastructurii electrice sunt considerate crime de r\u0103zboi\u201d. De asemenea, \u00een zona de nord a \u021b\u0103rii, protestatarii din fa\u021ba centralei electrice Semnan au scandat \u201eMoarte Americii! Moarte Israelului\u201d, conform unui videoclip postat de publica\u021bia reformist\u0103 Shargh.<\/p>\n<p>Guvernul iranian a organizat mitinguri de sus\u021binere pe parcursul \u00eentregului conflict, \u00eens\u0103 nu este clar dac\u0103 manifesta\u021biile recente au fost spontane sau planificate. \u00cen acela\u0219i timp, Casa Alb\u0103 a negat orice posibilitate de utilizare a armelor nucleare \u00een Iran.<\/p>\n<p>Donald Trump a declarat c\u0103 \u201eavans\u0103m conform planurilor stabilite\u201d \u00een ceea ce prive\u0219te Iranul, subliniind c\u0103 termenul limit\u0103 poate fi modificat dac\u0103 negocierile progreseaz\u0103. \u201eOra 20:00 se apropie. Dac\u0103 ajungem la acest punct, va fi un atac pe care nu l-au mai v\u0103zut niciodat\u0103\u201d, a ad\u0103ugat Trump, conform unui raport de la <strong><a href=\"https:\/\/www.foxnews.com\/live-news\/trump-iran-deadline-israel-hormuz-april-7\">Fox News<\/a><\/strong>.<\/p>\n","protected":false},"excerpt":{"rendered":"<p>Iranul a decis s\u0103 suspend\u0103 toate contactele diplomatice directe cu Statele Unite, ca reac\u021bie la amenin\u021b\u0103rile formulate de Donald Trump, care a declarat c\u0103 va \u201edistruge civiliza\u021bia iranian\u0103\u201d, conform unui raport publicat de The Wall Street Journal. Cu toate acestea, negocierile prin intermediari continu\u0103, conform surselor citate de publica\u021bie. Refuzul Iranului de a se angaja [&hellip;]<\/p>\n","protected":false},"author":2,"featured_media":12635,"comment_status":"open","ping_status":"open","sticky":false,"template":"","format":"standard","meta":{"jnews-multi-image_gallery":[],"jnews_single_post":[],"jnews_primary_category":[],"jnews_override_counter":[],"footnotes":""},"categories":[41],"tags":[632,1003,1747,31,913,686,680,1357],"class_list":["post-12634","post","type-post","status-publish","format-standard","has-post-thumbnail","hentry","category-externe","tag-acord","tag-comunicare","tag-diplomatie","tag-jnews_demo_donald-trump","tag-iran","tag-negocieri","tag-statele-unite","tag-tensiuni"],"_links":{"self":[{"href":"https:\/\/www.newsrecorder.ro\/app\/wp-json\/wp\/v2\/posts\/12634","targetHints":{"allow":["GET"]}}],"collection":[{"href":"https:\/\/www.newsrecorder.ro\/app\/wp-json\/wp\/v2\/posts"}],"about":[{"href":"https:\/\/www.newsrecorder.ro\/app\/wp-json\/wp\/v2\/types\/post"}],"author":[{"embeddable":true,"href":"https:\/\/www.newsrecorder.ro\/app\/wp-json\/wp\/v2\/users\/2"}],"replies":[{"embeddable":true,"href":"https:\/\/www.newsrecorder.ro\/app\/wp-json\/wp\/v2\/comments?post=12634"}],"version-history":[{"count":0,"href":"https:\/\/www.newsrecorder.ro\/app\/wp-json\/wp\/v2\/posts\/12634\/revisions"}],"wp:featuredmedia":[{"embeddable":true,"href":"https:\/\/www.newsrecorder.ro\/app\/wp-json\/wp\/v2\/media\/12635"}],"wp:attachment":[{"href":"https:\/\/www.newsrecorder.ro\/app\/wp-json\/wp\/v2\/media?parent=12634"}],"wp:term":[{"taxonomy":"category","embeddable":true,"href":"https:\/\/www.newsrecorder.ro\/app\/wp-json\/wp\/v2\/categories?post=12634"},{"taxonomy":"post_tag","embeddable":true,"href":"https:\/\/www.newsrecorder.ro\/app\/wp-json\/wp\/v2\/tags?post=12634"}],"curies":[{"name":"wp","href":"https:\/\/api.w.org\/{rel}","templated":true}]}}