{"id":12640,"date":"2026-04-07T23:41:59","date_gmt":"2026-04-07T23:41:59","guid":{"rendered":"https:\/\/www.newsrecorder.ro\/app\/2026\/04\/07\/gianni-infantino-o-zi-trista-pentru-fotbal-dupa-disparitia-lui-lucescu\/"},"modified":"2026-04-07T23:41:59","modified_gmt":"2026-04-07T23:41:59","slug":"gianni-infantino-o-zi-trista-pentru-fotbal-dupa-disparitia-lui-lucescu","status":"publish","type":"post","link":"https:\/\/www.newsrecorder.ro\/app\/2026\/04\/07\/gianni-infantino-o-zi-trista-pentru-fotbal-dupa-disparitia-lui-lucescu\/","title":{"rendered":"Gianni Infantino: &#8222;O zi trist\u0103 pentru fotbal&#8221; dup\u0103 dispari\u021bia lui Lucescu"},"content":{"rendered":"<p>\u201eAst\u0103zi este o zi extrem de trist\u0103 pentru fotbal, deoarece ne lu\u0103m r\u0103mas bun de la o adev\u0103rat\u0103 legend\u0103 a sportului nostru. Mircea Lucescu a fost o personalitate deosebit\u0103, cu care am avut privilegiul de a petrece momente valoroase \u00een repetate r\u00e2nduri \u00een ultimii ani\u201d, a declarat Gianni Infantino, pre\u0219edintele FIFA, conform celor anun\u021bate de Federa\u021bia Rom\u00e2n\u0103 de Fotbal.<\/p>\n<p>Infantino a subliniat impactul semnificativ pe care Lucescu l-a avut asupra fotbalului, amintind at\u00e2t perioada \u00een care a fost c\u0103pitanul echipei na\u021bionale a Rom\u00e2niei la Cupa Mondial\u0103 FIFA din 1970, c\u00e2t \u0219i cariera sa remarcabil\u0103 de antrenor, care a l\u0103sat o amprent\u0103 de ne\u0219ters \u00een istoria sportului.<\/p>\n<p>\u201eCei care au avut onoarea de a-l cunoa\u0219te \u0219i privilegiul de a colabora cu el \u0219tiu c\u00e2t de mult a iubit \u0219i a tr\u0103it fotbalul,\u201d a ad\u0103ugat Infantino. <\/p>\n<p>\u201eG\u00e2ndurile mele, precum \u0219i cele ale \u00eentregii comunit\u0103\u021bi fotbalistice interna\u021bionale, se \u00eendreapt\u0103 c\u0103tre familia sa, prietenii \u0219i to\u021bi cei care l-au cunoscut. Odihneasc\u0103-se \u00een pace,\u201d a \u00eencheiat pre\u0219edintele FIFA, exprim\u00e2ndu-\u0219i compasiunea.<\/p>\n<p>Marele antrenor Mircea Lucescu a \u00eencetat din via\u021b\u0103 mar\u021bi, la v\u00e2rsta de 80 de ani. Anun\u021bul trist a fost f\u0103cut de Spitalul Universitar de Urgen\u021b\u0103 Bucure\u0219ti, unde Lucescu era internat, unitatea medical\u0103 preciz\u00e2nd c\u0103 decesul a fost declarat \u00een jurul orei 20:30.<\/p>\n<p>Lucescu a fost internat de urgen\u021b\u0103 pe 29 martie, dup\u0103 ce a suferit un incident \u00een timpul unui antrenament, \u00een contextul \u00eenfr\u00e2ngerii echipei na\u021bionale a Rom\u00e2niei \u00een fa\u021ba Turciei, scor 0-1, \u00een preliminariile pentru Cupa Mondial\u0103 2026.<\/p>\n","protected":false},"excerpt":{"rendered":"<p>\u201eAst\u0103zi este o zi extrem de trist\u0103 pentru fotbal, deoarece ne lu\u0103m r\u0103mas bun de la o adev\u0103rat\u0103 legend\u0103 a sportului nostru. Mircea Lucescu a fost o personalitate deosebit\u0103, cu care am avut privilegiul de a petrece momente valoroase \u00een repetate r\u00e2nduri \u00een ultimii ani\u201d, a declarat Gianni Infantino, pre\u0219edintele FIFA, conform celor anun\u021bate de [&hellip;]<\/p>\n","protected":false},"author":6,"featured_media":12641,"comment_status":"open","ping_status":"open","sticky":false,"template":"","format":"standard","meta":{"jnews-multi-image_gallery":[],"jnews_single_post":[],"jnews_primary_category":[],"jnews_override_counter":[],"footnotes":""},"categories":[46],"tags":[838,2555,113,89,7841,15396,6300,2528],"class_list":["post-12640","post","type-post","status-publish","format-standard","has-post-thumbnail","hentry","category-sport","tag-antrenor","tag-cupa-mondiala","tag-echipa-nationala","tag-fotbal","tag-gianni-infantino","tag-istoria-sportului","tag-legenda","tag-mircea-lucescu"],"_links":{"self":[{"href":"https:\/\/www.newsrecorder.ro\/app\/wp-json\/wp\/v2\/posts\/12640","targetHints":{"allow":["GET"]}}],"collection":[{"href":"https:\/\/www.newsrecorder.ro\/app\/wp-json\/wp\/v2\/posts"}],"about":[{"href":"https:\/\/www.newsrecorder.ro\/app\/wp-json\/wp\/v2\/types\/post"}],"author":[{"embeddable":true,"href":"https:\/\/www.newsrecorder.ro\/app\/wp-json\/wp\/v2\/users\/6"}],"replies":[{"embeddable":true,"href":"https:\/\/www.newsrecorder.ro\/app\/wp-json\/wp\/v2\/comments?post=12640"}],"version-history":[{"count":0,"href":"https:\/\/www.newsrecorder.ro\/app\/wp-json\/wp\/v2\/posts\/12640\/revisions"}],"wp:featuredmedia":[{"embeddable":true,"href":"https:\/\/www.newsrecorder.ro\/app\/wp-json\/wp\/v2\/media\/12641"}],"wp:attachment":[{"href":"https:\/\/www.newsrecorder.ro\/app\/wp-json\/wp\/v2\/media?parent=12640"}],"wp:term":[{"taxonomy":"category","embeddable":true,"href":"https:\/\/www.newsrecorder.ro\/app\/wp-json\/wp\/v2\/categories?post=12640"},{"taxonomy":"post_tag","embeddable":true,"href":"https:\/\/www.newsrecorder.ro\/app\/wp-json\/wp\/v2\/tags?post=12640"}],"curies":[{"name":"wp","href":"https:\/\/api.w.org\/{rel}","templated":true}]}}