{"id":12670,"date":"2026-04-08T00:13:06","date_gmt":"2026-04-08T00:13:06","guid":{"rendered":"https:\/\/www.newsrecorder.ro\/app\/2026\/04\/08\/ciucu-psd-e-decuplat-pnl-il-propune-pe-bolojan-ca-solutie\/"},"modified":"2026-04-08T00:13:06","modified_gmt":"2026-04-08T00:13:06","slug":"ciucu-psd-e-decuplat-pnl-il-propune-pe-bolojan-ca-solutie","status":"publish","type":"post","link":"https:\/\/www.newsrecorder.ro\/app\/2026\/04\/08\/ciucu-psd-e-decuplat-pnl-il-propune-pe-bolojan-ca-solutie\/","title":{"rendered":"Ciucu: PSD e \u201edecuplat\u201d, PNL \u00eel propune pe Bolojan ca solu\u021bie!"},"content":{"rendered":"<p>Primarul General a exprimat critici vehemente la adresa campaniei de atacuri pe care social-democra\u021bii au \u00eendreptat-o \u00eempotriva lui Ilie Bolojan.<\/p>\n<p>Ciprian Ciucu a fost \u00eentrebat despre referendumurile interne pe care PSD le organizeaz\u0103 pentru a decide dac\u0103 r\u0103m\u00e2n la guvernare sau nu. Din perspectiva sa liberal\u0103, primarul a observat c\u0103 social-democra\u021bii par debusola\u021bi \u0219i incapabili s\u0103-\u0219i g\u0103seasc\u0103 ritmul. \u201eS-au apucat s\u0103-l atace pe Ilie Bolojan complet aiurea. \u00centr-o perioad\u0103 \u00een care \u021bara are nevoie de stabilitate, ei vin \u0219i o zg\u00e2l\u021b\u00e2ie \u0219i mai tare. Nu \u00een\u021beleg care sunt motivele, ei \u0219i-au inventat motivele. Nu au r\u0103bdare s\u0103 le vin\u0103 rotativa, altfel nu \u00een\u021beleg ce mize au \u0219i de ce fac asta,\u201d a declarat Ciucu.<\/p>\n<p>\u00cen opinia sa, ac\u021biunile social-democra\u021bilor reprezint\u0103 o eroare strategic\u0103, av\u00e2nd \u00een vedere c\u0103 Rom\u00e2nia are nevoie de lini\u0219te administrativ\u0103. \u201eToat\u0103 lumea este preocupat\u0103 de cu totul altceva, numai PSD se apuc\u0103 s\u0103 fac\u0103 turnee prin \u021bar\u0103. PSD este foarte decuplat de la realitate. Pe ei nu-i intereseaz\u0103, ei au probleme cu Bolojan,\u201d a ad\u0103ugat primarul general.<\/p>\n<p>\u00cen cadrul acelea\u0219i emisiuni, Ai Aflat!, moderat\u0103 de Ionu\u021b Cristache, Ciprian Ciucu a discutat \u0219i despre situa\u021bia din interiorul PNL, care se confrunt\u0103 cu o scindare \u00eentre dou\u0103 grup\u0103ri. El a subliniat c\u0103 criza actual\u0103 este una artificial\u0103, provocat\u0103 \u00een mare parte de social-democra\u021bi. De asemenea, a afirmat c\u0103 era tandemului Ciuc\u0103 \u2013 Ciolacu, \u00een care PSD avea o influen\u021b\u0103 considerabil\u0103, a fost dep\u0103\u0219it\u0103.<\/p>\n<p>\u201eNu ne spune PSD-ul cine s\u0103 fie prim-ministru. Noi avem un protocol de guvernare. Nu noi am creat aceast\u0103 criz\u0103 \u0219i nu vine PSD-ul s\u0103 ne dicteze cine trebuie s\u0103 fie prim-ministru. Avem \u0219i noi demnitatea noastr\u0103. Nu mai suntem pe vremea lui Nicu (Ciuc\u0103) \u0219i Marcel (Ciolacu), \u00een care Marcel \u00eel lua pe Nicu deoparte \u0219i intra cu ideile PNL \u0219i ie\u0219ea cu ideile PSD,\u201d a declarat Ciucu.<\/p>\n<p>Moderatorul Ionu\u021b Cristache a \u00eentrebat dac\u0103 PNL \u0219i-a rec\u0103p\u0103tat demnitatea, iar Ciucu a r\u0103spuns: \u201eAbsolut. \u0218i sufletul. Partidul are iar\u0103\u0219i un suflet.\u201d<\/p>\n<p>C\u00e2nd a fost \u00eentrebat ce face PNL \u201ecu sufletul\u201d \u00een contextul atacurilor venite chiar din interior, de la cei care nu mai doresc colaborarea cu Bolojan, vicepre\u0219edintele PNL a afirmat: \u201eSuntem un partid democratic, un partid care are suflet. Oamenii se pozi\u021bioneaz\u0103 \u00eentr-o form\u0103 sau alta. Important e ce decid la vot, \u00een Biroul Politic Na\u021bional \u0219i deciziile politice pe care le lu\u0103m. Sunt minoritari \u00een acest moment.\u201d<\/p>\n","protected":false},"excerpt":{"rendered":"<p>Primarul General a exprimat critici vehemente la adresa campaniei de atacuri pe care social-democra\u021bii au \u00eendreptat-o \u00eempotriva lui Ilie Bolojan. Ciprian Ciucu a fost \u00eentrebat despre referendumurile interne pe care PSD le organizeaz\u0103 pentru a decide dac\u0103 r\u0103m\u00e2n la guvernare sau nu. Din perspectiva sa liberal\u0103, primarul a observat c\u0103 social-democra\u021bii par debusola\u021bi \u0219i incapabili [&hellip;]<\/p>\n","protected":false},"author":2,"featured_media":12671,"comment_status":"open","ping_status":"open","sticky":false,"template":"","format":"standard","meta":{"jnews-multi-image_gallery":[],"jnews_single_post":[],"jnews_primary_category":[],"jnews_override_counter":[],"footnotes":""},"categories":[42],"tags":[1084,6806,1044,15440,302,15439,3351,1005],"class_list":["post-12670","post","type-post","status-publish","format-standard","has-post-thumbnail","hentry","category-politica","tag-atacuri","tag-campanie","tag-ciprian-ciucu","tag-eroare-strategica","tag-ilie-bolojan","tag-referenduri","tag-social-democrati","tag-stabilitate"],"_links":{"self":[{"href":"https:\/\/www.newsrecorder.ro\/app\/wp-json\/wp\/v2\/posts\/12670","targetHints":{"allow":["GET"]}}],"collection":[{"href":"https:\/\/www.newsrecorder.ro\/app\/wp-json\/wp\/v2\/posts"}],"about":[{"href":"https:\/\/www.newsrecorder.ro\/app\/wp-json\/wp\/v2\/types\/post"}],"author":[{"embeddable":true,"href":"https:\/\/www.newsrecorder.ro\/app\/wp-json\/wp\/v2\/users\/2"}],"replies":[{"embeddable":true,"href":"https:\/\/www.newsrecorder.ro\/app\/wp-json\/wp\/v2\/comments?post=12670"}],"version-history":[{"count":0,"href":"https:\/\/www.newsrecorder.ro\/app\/wp-json\/wp\/v2\/posts\/12670\/revisions"}],"wp:featuredmedia":[{"embeddable":true,"href":"https:\/\/www.newsrecorder.ro\/app\/wp-json\/wp\/v2\/media\/12671"}],"wp:attachment":[{"href":"https:\/\/www.newsrecorder.ro\/app\/wp-json\/wp\/v2\/media?parent=12670"}],"wp:term":[{"taxonomy":"category","embeddable":true,"href":"https:\/\/www.newsrecorder.ro\/app\/wp-json\/wp\/v2\/categories?post=12670"},{"taxonomy":"post_tag","embeddable":true,"href":"https:\/\/www.newsrecorder.ro\/app\/wp-json\/wp\/v2\/tags?post=12670"}],"curies":[{"name":"wp","href":"https:\/\/api.w.org\/{rel}","templated":true}]}}