{"id":12674,"date":"2026-04-08T00:14:00","date_gmt":"2026-04-08T00:14:00","guid":{"rendered":"https:\/\/www.newsrecorder.ro\/app\/2026\/04\/08\/alexandru-rogobete-oamenii-care-dau-viata-sistemului-de-sanatate\/"},"modified":"2026-04-08T00:14:00","modified_gmt":"2026-04-08T00:14:00","slug":"alexandru-rogobete-oamenii-care-dau-viata-sistemului-de-sanatate","status":"publish","type":"post","link":"https:\/\/www.newsrecorder.ro\/app\/2026\/04\/08\/alexandru-rogobete-oamenii-care-dau-viata-sistemului-de-sanatate\/","title":{"rendered":"Alexandru Rogobete: Oamenii care dau via\u021b\u0103 sistemului de s\u0103n\u0103tate!"},"content":{"rendered":"<p>\u00cen aceast\u0103 zi special\u0103 dedicat\u0103 s\u0103n\u0103t\u0103\u021bii la nivel mondial, ministrul S\u0103n\u0103t\u0103\u021bii, Alexandru Rogobete, a participat al\u0103turi de Pre\u0219edintele Rom\u00e2niei, Nicu\u0219or Dan, la Timi\u0219oara, \u00een Centrul de Mari Ar\u0219i. Acesta a subliniat progresele semnificative \u00een domeniul tratamentului pacien\u021bilor cu arsuri severe din Rom\u00e2nia.<\/p>\n<p>\u201eDup\u0103 o perioad\u0103 \u00eendelungat\u0103 \u00een care Rom\u00e2nia nu a dispus de resursele necesare pentru a trata pacien\u021bii cu arsuri grave, acum putem s\u0103 ne m\u00e2ndrim cu centre construite de la zero, complet echipate \u0219i aproape gata s\u0103 devin\u0103 func\u021bionale. Aceast\u0103 transformare ofer\u0103 \u0219anse reale pentru pacien\u021bi \u0219i familiile lor, demonstr\u00e2nd c\u0103 Rom\u00e2nia are capacitatea de a construi, a progresa \u0219i de a oferi ceea ce merit\u0103 cet\u0103\u021benii s\u0103i,\u201d a declarat ministrul Rogobete.<\/p>\n<p>Cu ocazia Zilei Mondiale a S\u0103n\u0103t\u0103\u021bii, ministrul a \u021binut s\u0103 \u00ee\u0219i exprime recuno\u0219tin\u021ba fa\u021b\u0103 de toate categoriile profesionale din sistemul de s\u0103n\u0103tate. \u201eAst\u0103zi celebr\u0103m oamenii care fac sistemul s\u0103 func\u021bioneze. Vorbim despre medici, asisten\u021bi medicali, infirmieri, farmaci\u0219ti \u0219i personal auxiliar, despre fiecare individ care \u00ee\u0219i dedic\u0103 pasiunea \u0219i competen\u021bele s\u0103n\u0103t\u0103\u021bii. Ace\u0219tia lucreaz\u0103 \u00een condi\u021bii dificile, purt\u00e2nd o responsabilitate imens\u0103, adesea fiind cei care fac diferen\u021ba \u00eentre via\u021b\u0103 \u0219i moarte. Ei sunt cei care confer\u0103 sens \u00eentregului sistem de s\u0103n\u0103tate,\u201d a mai ad\u0103ugat acesta.<\/p>\n<p>Ministrul a \u00eencheiat mesajul cu un apel la respect \u0219i recuno\u0219tin\u021b\u0103 pentru eforturile neobosite ale profesioni\u0219tilor din domeniul s\u0103n\u0103t\u0103\u021bii: \u201eLe mul\u021bumesc pentru dedicarea, profesionalismul \u0219i efortul depus. Respectul pe care \u00eel merit\u0103 nu ar trebui s\u0103 fie rezervat doar pentru o zi simbolic\u0103, ci s\u0103 fie o norm\u0103 zilnic\u0103.\u201d<\/p>\n","protected":false},"excerpt":{"rendered":"<p>\u00cen aceast\u0103 zi special\u0103 dedicat\u0103 s\u0103n\u0103t\u0103\u021bii la nivel mondial, ministrul S\u0103n\u0103t\u0103\u021bii, Alexandru Rogobete, a participat al\u0103turi de Pre\u0219edintele Rom\u00e2niei, Nicu\u0219or Dan, la Timi\u0219oara, \u00een Centrul de Mari Ar\u0219i. Acesta a subliniat progresele semnificative \u00een domeniul tratamentului pacien\u021bilor cu arsuri severe din Rom\u00e2nia. \u201eDup\u0103 o perioad\u0103 \u00eendelungat\u0103 \u00een care Rom\u00e2nia nu a dispus de resursele necesare [&hellip;]<\/p>\n","protected":false},"author":2,"featured_media":12675,"comment_status":"open","ping_status":"open","sticky":false,"template":"","format":"standard","meta":{"jnews-multi-image_gallery":[],"jnews_single_post":[],"jnews_primary_category":[],"jnews_override_counter":[],"footnotes":""},"categories":[42],"tags":[15442,15444,2975,15445,551,830,15443,15360],"class_list":["post-12674","post","type-post","status-publish","format-standard","has-post-thumbnail","hentry","category-politica","tag-arsuri-severe","tag-centre-de-mari-arsi","tag-ministrul-sanatatii","tag-resurse-sanatate","tag-sanatate","tag-timisoara","tag-tratament-pacienti","tag-ziua-mondiala-a-sanatatii"],"_links":{"self":[{"href":"https:\/\/www.newsrecorder.ro\/app\/wp-json\/wp\/v2\/posts\/12674","targetHints":{"allow":["GET"]}}],"collection":[{"href":"https:\/\/www.newsrecorder.ro\/app\/wp-json\/wp\/v2\/posts"}],"about":[{"href":"https:\/\/www.newsrecorder.ro\/app\/wp-json\/wp\/v2\/types\/post"}],"author":[{"embeddable":true,"href":"https:\/\/www.newsrecorder.ro\/app\/wp-json\/wp\/v2\/users\/2"}],"replies":[{"embeddable":true,"href":"https:\/\/www.newsrecorder.ro\/app\/wp-json\/wp\/v2\/comments?post=12674"}],"version-history":[{"count":0,"href":"https:\/\/www.newsrecorder.ro\/app\/wp-json\/wp\/v2\/posts\/12674\/revisions"}],"wp:featuredmedia":[{"embeddable":true,"href":"https:\/\/www.newsrecorder.ro\/app\/wp-json\/wp\/v2\/media\/12675"}],"wp:attachment":[{"href":"https:\/\/www.newsrecorder.ro\/app\/wp-json\/wp\/v2\/media?parent=12674"}],"wp:term":[{"taxonomy":"category","embeddable":true,"href":"https:\/\/www.newsrecorder.ro\/app\/wp-json\/wp\/v2\/categories?post=12674"},{"taxonomy":"post_tag","embeddable":true,"href":"https:\/\/www.newsrecorder.ro\/app\/wp-json\/wp\/v2\/tags?post=12674"}],"curies":[{"name":"wp","href":"https:\/\/api.w.org\/{rel}","templated":true}]}}