{"id":12708,"date":"2026-04-08T11:42:06","date_gmt":"2026-04-08T11:42:06","guid":{"rendered":"https:\/\/www.newsrecorder.ro\/app\/2026\/04\/08\/condamnati-la-inchisoare-sase-activisti-rusi-anti-razboi-infrunta-justitia\/"},"modified":"2026-04-08T11:42:06","modified_gmt":"2026-04-08T11:42:06","slug":"condamnati-la-inchisoare-sase-activisti-rusi-anti-razboi-infrunta-justitia","status":"publish","type":"post","link":"https:\/\/www.newsrecorder.ro\/app\/2026\/04\/08\/condamnati-la-inchisoare-sase-activisti-rusi-anti-razboi-infrunta-justitia\/","title":{"rendered":"Condamna\u021bi la \u00eenchisoare: \u0218ase activi\u0219ti ru\u0219i anti-r\u0103zboi \u00eenfrunt\u0103 justi\u021bia"},"content":{"rendered":"<p>Un tribunal din Sankt Petersburg a emis, miercuri, sentin\u021be dure pentru \u0219ase activi\u0219ti, g\u0103si\u021bi vinova\u021bi de diverse acuza\u021bii, inclusiv \u201eparticipare la o organiza\u021bie extremist\u0103\u201d, \u201eapeluri publice \u00eempotriva securit\u0103\u021bii statului\u201d \u0219i r\u0103sp\u00e2ndirea de \u201einforma\u021bii false\u201d despre armata rus\u0103.<\/p>\n<p>Condamna\u021bii, Anna Arkhipova, Vassili Neoustro\u00efev, Ian Ksenjepolski, Evgheni Zateiev, Pavel Sinelnikov \u0219i Valentin Khorochenine, au \u00eentre 24 \u0219i 30 de ani \u0219i fac parte din mi\u0219carea de tineret Vesna, recunoscut\u0103 pentru pozi\u021biile sale pro-democra\u021bie \u0219i anti-r\u0103zboi.<\/p>\n<p>Informa\u021biile au fost furnizate de agen\u021bia <a style=\"color: #0000ff\" href=\"https:\/\/www.lefigaro.fr\/international\/six-militants-antiguerre-condamnes-en-russie-a-de-lourdes-peines-de-prison-20260408\">AFP<\/a>, care a relatat despre procesul desf\u0103\u0219urat \u00een Rusia. Aceasta condamnare reflect\u0103 o tendin\u021b\u0103 alarmant\u0103, dat fiind c\u0103, de la \u00eenceputul R\u0103zboiului din Ucraina \u00een februarie 2022, autorit\u0103\u021bile moscovite au intensificat m\u0103surile de reprimare \u00eempotriva oric\u0103ror forme de opozi\u021bie legate de conflictul militar. Se estimeaz\u0103 c\u0103 sute de critici ai efortului de r\u0103zboi au fost deja condamna\u021bi la pedepse severe cu \u00eenchisoarea.<\/p>\n","protected":false},"excerpt":{"rendered":"<p>Un tribunal din Sankt Petersburg a emis, miercuri, sentin\u021be dure pentru \u0219ase activi\u0219ti, g\u0103si\u021bi vinova\u021bi de diverse acuza\u021bii, inclusiv \u201eparticipare la o organiza\u021bie extremist\u0103\u201d, \u201eapeluri publice \u00eempotriva securit\u0103\u021bii statului\u201d \u0219i r\u0103sp\u00e2ndirea de \u201einforma\u021bii false\u201d despre armata rus\u0103. Condamna\u021bii, Anna Arkhipova, Vassili Neoustro\u00efev, Ian Ksenjepolski, Evgheni Zateiev, Pavel Sinelnikov \u0219i Valentin Khorochenine, au \u00eentre 24 \u0219i [&hellip;]<\/p>\n","protected":false},"author":2,"featured_media":12709,"comment_status":"open","ping_status":"open","sticky":false,"template":"","format":"standard","meta":{"jnews-multi-image_gallery":[],"jnews_single_post":[],"jnews_primary_category":[],"jnews_override_counter":[],"footnotes":""},"categories":[41],"tags":[5009,12338,15489,15488,7208,915,3339,2497],"class_list":["post-12708","post","type-post","status-publish","format-standard","has-post-thumbnail","hentry","category-externe","tag-activisti","tag-informatii-false","tag-miscarea-vesna","tag-organizatie-extremista","tag-pro-democratie","tag-razboi","tag-sankt-petersburg","tag-tribunal"],"_links":{"self":[{"href":"https:\/\/www.newsrecorder.ro\/app\/wp-json\/wp\/v2\/posts\/12708","targetHints":{"allow":["GET"]}}],"collection":[{"href":"https:\/\/www.newsrecorder.ro\/app\/wp-json\/wp\/v2\/posts"}],"about":[{"href":"https:\/\/www.newsrecorder.ro\/app\/wp-json\/wp\/v2\/types\/post"}],"author":[{"embeddable":true,"href":"https:\/\/www.newsrecorder.ro\/app\/wp-json\/wp\/v2\/users\/2"}],"replies":[{"embeddable":true,"href":"https:\/\/www.newsrecorder.ro\/app\/wp-json\/wp\/v2\/comments?post=12708"}],"version-history":[{"count":0,"href":"https:\/\/www.newsrecorder.ro\/app\/wp-json\/wp\/v2\/posts\/12708\/revisions"}],"wp:featuredmedia":[{"embeddable":true,"href":"https:\/\/www.newsrecorder.ro\/app\/wp-json\/wp\/v2\/media\/12709"}],"wp:attachment":[{"href":"https:\/\/www.newsrecorder.ro\/app\/wp-json\/wp\/v2\/media?parent=12708"}],"wp:term":[{"taxonomy":"category","embeddable":true,"href":"https:\/\/www.newsrecorder.ro\/app\/wp-json\/wp\/v2\/categories?post=12708"},{"taxonomy":"post_tag","embeddable":true,"href":"https:\/\/www.newsrecorder.ro\/app\/wp-json\/wp\/v2\/tags?post=12708"}],"curies":[{"name":"wp","href":"https:\/\/api.w.org\/{rel}","templated":true}]}}