{"id":12733,"date":"2026-04-08T12:13:09","date_gmt":"2026-04-08T12:13:09","guid":{"rendered":"https:\/\/www.newsrecorder.ro\/app\/2026\/04\/08\/mircea-lucescu-cred-in-visul-romaniei-la-cupa-mondiala\/"},"modified":"2026-04-08T12:13:09","modified_gmt":"2026-04-08T12:13:09","slug":"mircea-lucescu-cred-in-visul-romaniei-la-cupa-mondiala","status":"publish","type":"post","link":"https:\/\/www.newsrecorder.ro\/app\/2026\/04\/08\/mircea-lucescu-cred-in-visul-romaniei-la-cupa-mondiala\/","title":{"rendered":"\u201eMircea Lucescu: Cred \u00een visul Rom\u00e2niei la Cupa Mondial\u0103!\u201d"},"content":{"rendered":"<p><a style=\"color: #0000ff\" href=\"https:\/\/www.theguardian.com\/football\/2026\/mar\/25\/i-cant-leave-like-a-coward-romanias-mircea-lucescu-on-illness-and-his-world-cup-dream-at-80\" target=\"_blank\" rel=\"noopener\">The Guardian<\/a> a publicat pe 25 martie un interviu semnat de jurnalistul rom\u00e2n Emanuel Ro\u0219u, realizat cu Mircea Lucescu \u00eenainte de meciul Turcia \u2013 Rom\u00e2nia. Acesta s-a dovedit a fi ultimul interviu acordat de \u201eIl Luce\u201d.<\/p>\n<p>\u00cen articol, titrat \u201eNu pot s\u0103 plec ca un la\u0219: Mircea Lucescu vorbe\u0219te despre boal\u0103 \u0219i visul s\u0103u de a ajunge la Cupa Mondial\u0103 la 80 de ani\u201d, Lucescu a discutat despre confruntarea dintre Turcia \u0219i Rom\u00e2nia, programat\u0103 pentru 26 martie. \u00cen acest context, s-a ridicat \u00eentrebarea dac\u0103 Lucescu ar trebui s\u0103 continue s\u0103 conduc\u0103 echipa, av\u00e2nd \u00een vedere problemele sale de s\u0103n\u0103tate.<\/p>\n<p>Mircea Lucescu a afirmat: \u201eNu pot pleca ca un la\u0219. Trebuie s\u0103 credem \u00een \u0219ansa noastr\u0103 de a ne califica.\u201d \u00cen interviu, el a recunoscut c\u0103, de\u0219i avea dificult\u0103\u021bi medicale despre care nu a dorit s\u0103 ofere detalii, a considerat c\u0103 misiunea sa era s\u0103 ghideze na\u021bionala \u00een cursa pentru calificarea la Cupa Mondial\u0103 din var\u0103.<\/p>\n<p>\u201eC\u00e2nd medicii mi-au confirmat c\u0103 pot continua s\u0103 antrenez, m-am concentrat pe ceea ce era necesar pentru Rom\u00e2nia. Am discutat cu federa\u021bia, care mi-a spus c\u0103 nu pot g\u0103si o alt\u0103 solu\u021bie. Nu m\u0103 aflam \u00een cea mai bun\u0103 form\u0103, a\u0219a c\u0103 m-a\u0219 fi retras dac\u0103 ar fi fost o alt\u0103 op\u021biune. Dar insist: nu pot pleca ca un la\u0219. Trebuie s\u0103 credem \u00een \u0219ansa noastr\u0103 de a ne califica\u201d, a declarat Lucescu.<\/p>\n<p>\u00cen cadrul interviului, Lucescu a evocat amintiri din cariera sa de juc\u0103tor, c\u00e2nd a fost c\u0103pitanul echipei Rom\u00e2niei la Cupa Mondial\u0103 din 1970. Atunci, tricolorii au avut parte de confrunt\u0103ri dificile cu Brazilia lui Pel\u00e9, Anglia \u2013 campioana mondial\u0103, \u0219i Cehoslovacia. Rom\u00e2nia a reu\u0219it s\u0103 \u00eenving\u0103 Cehoslovacia cu 2-1, \u00eens\u0103 a pierdut la limit\u0103 \u00een fa\u021ba Braziliei \u0219i Angliei.<\/p>\n<p>\u201eAm ob\u021binut rezultate extraordinare juc\u00e2nd fotbalul nostru. Eram pu\u021bin informa\u021bi despre exterior, venind dintr-un regim comunist \u00eenchis. Am ajuns la Cupa Mondial\u0103 din Mexic, unde erau doar 16 echipe. Am \u00eencercat s\u0103 ne eviden\u021biem stilul de joc, baz\u00e2ndu-ne pe pasele precise pentru a contracara for\u021ba adversarilor. Dup\u0103 1970, echipa na\u021bional\u0103 a suferit modific\u0103ri \u0219i ne-am pierdut identitatea\u201d, a povestit Lucescu.<\/p>\n<p>Un deceniu mai t\u00e2rziu, Lucescu a avut ocazia s\u0103 antreneze Rom\u00e2nia pentru prima dat\u0103, conduc\u00e2nd echipa la Euro 1984 \u0219i fiind aproape de calificarea la Cupa Mondial\u0103 din 1986.<\/p>\n<p>\u201eC\u00e2nd am construit echipa na\u021bional\u0103, acum mai bine de 40 de ani, mi-am dorit ca tinerii juc\u0103tori s\u0103 fie dornici s\u0103 joace pentru Rom\u00e2nia. Le-am deschis u\u0219a la nivelul seniorilor \u0219i am dorit s\u0103 le insuflu \u00eencredere \u00een sine, deoarece aceasta duce la performan\u021b\u0103. Anii \u201980 \u0219i \u201990 au fost plini de succese\u201d, a mai spus Lucescu.<\/p>\n<p>Articolul din The Guardian a men\u021bionat \u0219i cluburile la care Mircea Lucescu a antrenat, inclusiv Inter, Galatasaray, Besiktas, Zenit Sankt Petersburg, \u0218ahtior Done\u021bk \u0219i Dinamo Kiev. Dup\u0103 Campionatul European din 2024, Lucescu a revenit pe banca \u201etricolorilor\u201d, \u00eencep\u00e2nd un nou mandat ca selec\u021bioner.<\/p>\n<p>\u201eAm sim\u021bit c\u0103 era datoria mea s\u0103 preiau conducerea echipei. Nu era vorba doar de o responsabilitate imens\u0103, ci \u0219i de o obliga\u021bie fa\u021b\u0103 de tot ceea ce mi-a oferit fotbalul rom\u00e2nesc. Nu a fost niciodat\u0103 despre bani, ci despre dorin\u021ba de a contribui la schimbarea mentalit\u0103\u021bii \u00een fotbalul rom\u00e2nesc\u201d, a declarat Lucescu.<\/p>\n<p>\u00cenainte de meciul cu Turcia, el a men\u021bionat c\u0103 era con\u0219tient de atmosfera dificil\u0103, \u00eens\u0103 era concentrat pe joc \u0219i pe calificare:<\/p>\n<p>\u201eVom juca \u00eentr-o atmosfer\u0103 imposibil\u0103. Atunci c\u00e2nd am p\u0103r\u0103sit clubul, mai aveam doi ani de contract, dar am decis s\u0103 las banii clubului pentru reconstruc\u021bia stadionului. Nu \u0219tiu dac\u0103 exist\u0103 un remediu pentru zgomotul pe care \u00eel vor face. Va trebui s\u0103 le explic b\u0103ie\u021bilor care nu au jucat \u00een Turcia ce \u00eei a\u0219teapt\u0103. Am nevoie de juc\u0103tori care s\u0103 \u00ee\u0219i pun\u0103 sufletul pe teren, nu doar pentru c\u00e2teva ore, ci s\u0103 fie dedica\u021bi echipei na\u021bionale\u201d, a ad\u0103ugat el.<\/p>\n<p>\u201eTotul \u00eencepe \u00een creierul t\u0103u. \u00ce\u021bi stabile\u0219ti \u00een minte condi\u021biile pentru succes sau e\u0219ec\u201d, a mai spus Lucescu, subliniind importan\u021ba mentalit\u0103\u021bii \u00een sport.<\/p>\n<p>Reflect\u00e2nd asupra barajului pentru Cupa Mondial\u0103, care urma s\u0103 aib\u0103 loc la scurt timp dup\u0103 publicarea interviului, el a subliniat c\u0103 ar fi o \u201erealizare extraordinar\u0103\u201d ca Rom\u00e2nia s\u0103 se califice.<\/p>\n<p>\u201eSper ca juc\u0103torii mei s\u0103 trateze acest meci ca pe un moment definitoriu. Ar fi o realizare extraordinar\u0103 s\u0103 ajungem la Cupa Mondial\u0103. Nu pentru mine, ci pentru Rom\u00e2nia\u201d, a \u00eencheiat Lucescu.<\/p>\n<p>Din p\u0103cate, Mircea Lucescu a decedat mar\u021bi seara, pe 7 aprilie, dup\u0103 ce a fost internat mai bine de o s\u0103pt\u0103m\u00e2n\u0103 la Spitalul Universitar de Urgen\u021b\u0103 Bucure\u0219ti, dup\u0103 ce a le\u0219inat \u00een timpul unei \u0219edin\u021be tehnice \u00eenainte de ultimul antrenament al na\u021bionalei. <\/p>\n<p><a style=\"color: #0000ff\" href=\"https:\/\/www.mediafax.ro\/stirile-zilei\/ultimul-drum-al-lui-mircea-lucescu-antrenorul-va-fi-inmormantat-cu-onoruri-militare-la-cimitirul-bellu-23716952\">Ceremoniile funerare<\/a> pentru Mircea Lucescu se vor desf\u0103\u0219ura \u00een zilele urm\u0103toare, incluz\u00e2nd un priveghi deschis publicului la Arena Na\u021bional\u0103, iar el va fi \u00eenmorm\u00e2ntat cu onoruri militare la Cimitirul Bellu.<\/p>\n","protected":false},"excerpt":{"rendered":"<p>The Guardian a publicat pe 25 martie un interviu semnat de jurnalistul rom\u00e2n Emanuel Ro\u0219u, realizat cu Mircea Lucescu \u00eenainte de meciul Turcia \u2013 Rom\u00e2nia. Acesta s-a dovedit a fi ultimul interviu acordat de \u201eIl Luce\u201d. \u00cen articol, titrat \u201eNu pot s\u0103 plec ca un la\u0219: Mircea Lucescu vorbe\u0219te despre boal\u0103 \u0219i visul s\u0103u de [&hellip;]<\/p>\n","protected":false},"author":6,"featured_media":12734,"comment_status":"open","ping_status":"open","sticky":false,"template":"","format":"standard","meta":{"jnews-multi-image_gallery":[],"jnews_single_post":[],"jnews_primary_category":[],"jnews_override_counter":[],"footnotes":""},"categories":[46],"tags":[2555,113,15520,1870,2528,149,551,2412],"class_list":["post-12733","post","type-post","status-publish","format-standard","has-post-thumbnail","hentry","category-sport","tag-cupa-mondiala","tag-echipa-nationala","tag-emmanuel-rosu","tag-interviu","tag-mircea-lucescu","tag-romania","tag-sanatate","tag-turcia"],"_links":{"self":[{"href":"https:\/\/www.newsrecorder.ro\/app\/wp-json\/wp\/v2\/posts\/12733","targetHints":{"allow":["GET"]}}],"collection":[{"href":"https:\/\/www.newsrecorder.ro\/app\/wp-json\/wp\/v2\/posts"}],"about":[{"href":"https:\/\/www.newsrecorder.ro\/app\/wp-json\/wp\/v2\/types\/post"}],"author":[{"embeddable":true,"href":"https:\/\/www.newsrecorder.ro\/app\/wp-json\/wp\/v2\/users\/6"}],"replies":[{"embeddable":true,"href":"https:\/\/www.newsrecorder.ro\/app\/wp-json\/wp\/v2\/comments?post=12733"}],"version-history":[{"count":0,"href":"https:\/\/www.newsrecorder.ro\/app\/wp-json\/wp\/v2\/posts\/12733\/revisions"}],"wp:featuredmedia":[{"embeddable":true,"href":"https:\/\/www.newsrecorder.ro\/app\/wp-json\/wp\/v2\/media\/12734"}],"wp:attachment":[{"href":"https:\/\/www.newsrecorder.ro\/app\/wp-json\/wp\/v2\/media?parent=12733"}],"wp:term":[{"taxonomy":"category","embeddable":true,"href":"https:\/\/www.newsrecorder.ro\/app\/wp-json\/wp\/v2\/categories?post=12733"},{"taxonomy":"post_tag","embeddable":true,"href":"https:\/\/www.newsrecorder.ro\/app\/wp-json\/wp\/v2\/tags?post=12733"}],"curies":[{"name":"wp","href":"https:\/\/api.w.org\/{rel}","templated":true}]}}