{"id":12735,"date":"2026-04-08T12:13:34","date_gmt":"2026-04-08T12:13:34","guid":{"rendered":"https:\/\/www.newsrecorder.ro\/app\/2026\/04\/08\/fifa-investigheaza-scandarile-anti-musulmane-la-meciul-spania-egipt\/"},"modified":"2026-04-08T12:13:34","modified_gmt":"2026-04-08T12:13:34","slug":"fifa-investigheaza-scandarile-anti-musulmane-la-meciul-spania-egipt","status":"publish","type":"post","link":"https:\/\/www.newsrecorder.ro\/app\/2026\/04\/08\/fifa-investigheaza-scandarile-anti-musulmane-la-meciul-spania-egipt\/","title":{"rendered":"FIFA investigheaz\u0103 scand\u0103rile anti-musulmane la meciul Spania &#8211; Egipt!"},"content":{"rendered":"<p>FIFA, forul interna\u021bional care guverneaz\u0103 fotbalul, a anun\u021bat ini\u021bierea unor proceduri disciplinare ca urmare a comportamentului inacceptabil al unor suporteri spanioli \u00een cadrul unui meci desf\u0103\u0219urat pe stadionul RCDE din apropierea Barcelonei. Conform informa\u021biilor furnizate de FIFA, investiga\u021bia se concentreaz\u0103 asupra scand\u0103rilor cu caracter anti-musulman care au fost auzite \u00een timpul partidei de preg\u0103tire pentru Cupa Mondial\u0103, meci ce s-a \u00eencheiat cu un rezultat de 0-0. Printre scand\u0103rile care au st\u00e2rnit controverse se num\u0103r\u0103 expresia \u201ecine nu sare este musulman\u201d, dup\u0103 cum informeaz\u0103 <a href=\"https:\/\/www.euronews.com\/2026\/04\/07\/fifa-opens-disciplinary-case-against-spanish-football-federation-over-anti-muslim-chants\" target=\"_blank\" rel=\"noopener\">Euronews<\/a>.<\/p>\n<p>Organizatorii meciului au \u00eencercat s\u0103 intervin\u0103 prin difuzarea de anun\u021buri la sta\u021bia de amplificare a stadionului \u0219i prin afi\u0219area de mesaje pe ecranele din aren\u0103, reamintind spectatorilor c\u0103 astfel de comportamente sunt complet interzise. Cu toate acestea, scand\u0103rile au continuat, provoc\u00e2nd reac\u021bii negative din partea mai multor institu\u021bii \u0219i oficiali spanioli. Lamine Yamal, juc\u0103tor al na\u021bionalei Spaniei \u0219i musulman, a descris aceste scand\u0103ri drept \u201edisrespectuoase \u0219i intolerabile\u201d, subliniind c\u0103 problema r\u0103m\u00e2ne una grav\u0103, chiar dac\u0103 el nu a fost vizat direct.<\/p>\n<p>\u00cen paralel cu procedura disciplinar\u0103 ini\u021biat\u0103 de FIFA, poli\u021bia catalan\u0103, Mossos d\u2019Esquadra, a demarat o investiga\u021bie proprie pentru a analiza incidentul. Aceast\u0103 anchet\u0103 este coordonat\u0103 de procuratura specializat\u0103 \u00een infrac\u021biuni motivate de ur\u0103 \u0219i discriminare. De asemenea, guvernul spaniol a condamnat ferm comportamentul inacceptabil al unor suporteri. Ministrul de externe, Jos\u00e9 Manuel Albares, a informat omologul s\u0103u egiptean despre dezaprobarea autorit\u0103\u021bilor de la Madrid fa\u021b\u0103 de aceste scand\u0103ri. \u00cen r\u0103spuns, ministrul egiptean de externe, Badr Abdelatty, a reafirmat c\u0103 Spania este o \u201e\u021bar\u0103 tolerant\u0103 \u0219i pluralist\u0103\u201d, subliniind respingerea oric\u0103ror forme de rasism.<\/p>\n<p>Concluziile investiga\u021biei FIFA ar putea duce la sanc\u021biuni pentru Federa\u021bia Spaniol\u0103 de Fotbal, \u00een func\u021bie de rezultatele analizelor privind comportamentul suporterilor la meciul desf\u0103\u0219urat \u00een Barcelona.<\/p>\n","protected":false},"excerpt":{"rendered":"<p>FIFA, forul interna\u021bional care guverneaz\u0103 fotbalul, a anun\u021bat ini\u021bierea unor proceduri disciplinare ca urmare a comportamentului inacceptabil al unor suporteri spanioli \u00een cadrul unui meci desf\u0103\u0219urat pe stadionul RCDE din apropierea Barcelonei. Conform informa\u021biilor furnizate de FIFA, investiga\u021bia se concentreaz\u0103 asupra scand\u0103rilor cu caracter anti-musulman care au fost auzite \u00een timpul partidei de preg\u0103tire pentru [&hellip;]<\/p>\n","protected":false},"author":6,"featured_media":12736,"comment_status":"open","ping_status":"open","sticky":false,"template":"","format":"standard","meta":{"jnews-multi-image_gallery":[],"jnews_single_post":[],"jnews_primary_category":[],"jnews_override_counter":[],"footnotes":""},"categories":[46],"tags":[15522,1160,7121,1115,2705,57,15521,87],"class_list":["post-12735","post","type-post","status-publish","format-standard","has-post-thumbnail","hentry","category-sport","tag-anti-musulman","tag-barcelona","tag-comportament-inacceptabil","tag-fifa","tag-investigare","tag-meci","tag-scandari","tag-suporteri"],"_links":{"self":[{"href":"https:\/\/www.newsrecorder.ro\/app\/wp-json\/wp\/v2\/posts\/12735","targetHints":{"allow":["GET"]}}],"collection":[{"href":"https:\/\/www.newsrecorder.ro\/app\/wp-json\/wp\/v2\/posts"}],"about":[{"href":"https:\/\/www.newsrecorder.ro\/app\/wp-json\/wp\/v2\/types\/post"}],"author":[{"embeddable":true,"href":"https:\/\/www.newsrecorder.ro\/app\/wp-json\/wp\/v2\/users\/6"}],"replies":[{"embeddable":true,"href":"https:\/\/www.newsrecorder.ro\/app\/wp-json\/wp\/v2\/comments?post=12735"}],"version-history":[{"count":0,"href":"https:\/\/www.newsrecorder.ro\/app\/wp-json\/wp\/v2\/posts\/12735\/revisions"}],"wp:featuredmedia":[{"embeddable":true,"href":"https:\/\/www.newsrecorder.ro\/app\/wp-json\/wp\/v2\/media\/12736"}],"wp:attachment":[{"href":"https:\/\/www.newsrecorder.ro\/app\/wp-json\/wp\/v2\/media?parent=12735"}],"wp:term":[{"taxonomy":"category","embeddable":true,"href":"https:\/\/www.newsrecorder.ro\/app\/wp-json\/wp\/v2\/categories?post=12735"},{"taxonomy":"post_tag","embeddable":true,"href":"https:\/\/www.newsrecorder.ro\/app\/wp-json\/wp\/v2\/tags?post=12735"}],"curies":[{"name":"wp","href":"https:\/\/api.w.org\/{rel}","templated":true}]}}