{"id":12761,"date":"2026-04-08T13:16:33","date_gmt":"2026-04-08T13:16:33","guid":{"rendered":"https:\/\/www.newsrecorder.ro\/app\/2026\/04\/08\/vlad-gheorghe-bolojan-ar-fi-trebuit-sa-fie-mai-ferm-cu-psd-pentru-reforme\/"},"modified":"2026-04-08T13:16:33","modified_gmt":"2026-04-08T13:16:33","slug":"vlad-gheorghe-bolojan-ar-fi-trebuit-sa-fie-mai-ferm-cu-psd-pentru-reforme","status":"publish","type":"post","link":"https:\/\/www.newsrecorder.ro\/app\/2026\/04\/08\/vlad-gheorghe-bolojan-ar-fi-trebuit-sa-fie-mai-ferm-cu-psd-pentru-reforme\/","title":{"rendered":"Vlad Gheorghe: Bolojan ar fi trebuit s\u0103 fie mai ferm cu PSD pentru reforme!"},"content":{"rendered":"<p>Vlad Gheorghe, consilier al premierului, a fost \u00eentrebat recent despre oportunitatea organiz\u0103rii alegerilor pentru primari \u00een dou\u0103 tururi de scrutin. El a subliniat c\u0103, \u00eenainte de a lua \u00een considerare acest aspect, ar trebui s\u0103 se discute o nou\u0103 variant\u0103 de organizare administrativ-teritorial\u0103 pentru Rom\u00e2nia. Gheorghe a propus o reform\u0103 care s\u0103 conduc\u0103 la dispari\u021bia a cel pu\u021bin o treime din prim\u0103rii \u0219i din posturile de consilieri locali \u0219i jude\u021beni, cu scopul de a eficientiza structurile administrative ale \u021b\u0103rii.<\/p>\n<p>\u00cen viziunea sa, aceste m\u0103suri ar trebui s\u0103 aib\u0103 ca rezultat \u0219i o reducere a num\u0103rului de parlamentari. \u201eFiecare \u021bar\u0103 serioas\u0103 are o rat\u0103 de reprezentare standardizat\u0103, care coreleaz\u0103 num\u0103rul de consilieri locali, jude\u021beni \u0219i parlamentari\u201d, a precizat Gheorghe. El a subliniat c\u0103 exist\u0103 deja modele elaborate de c\u0103tre Banca Mondial\u0103, Guvernul Rom\u00e2niei \u0219i diverse ONG-uri, care pot fi folosite ca punct de plecare \u00een discu\u021biile despre reformele necesare.<\/p>\n<p>Consilierul premierului a ad\u0103ugat c\u0103, \u00een prezent, aparatul de stat este \u201emult prea stufos\u201d, ceea ce nu doar c\u0103 genereaz\u0103 cheltuieli considerabile, dar duce \u0219i la blocaje \u00een procesul decizional, f\u0103r\u0103 justific\u0103ri clare.<\/p>\n<p>Referitor la tensiunile existente \u00een coali\u021bie, Gheorghe a fost \u00eentrebat dac\u0103 premierul Ilie Bolojan ar fi trebuit s\u0103 adopte o atitudine mai flexibil\u0103 \u00een rela\u021bia cu PSD, a\u0219a cum cer social-democra\u021bii. R\u0103spunsul s\u0103u a fost clar: \u201eNu, cred c\u0103 ar fi trebuit s\u0103 fie chiar mai intransigent \u00een rela\u021bia cu PSD \u0219i s\u0103 promoveze mai multe reforme. Numai astfel se poate c\u00e2\u0219tiga \u00eencrederea cet\u0103\u021benilor, chiar dac\u0103 acest lucru ar putea duce la pierderea \u00eencrederii celor care \u00ee\u0219i p\u0103streaz\u0103 economiile \u00een \u2018cutiile de pantofi\u2019\u201d, a concluzionat Gheorghe. <\/p>\n","protected":false},"excerpt":{"rendered":"<p>Vlad Gheorghe, consilier al premierului, a fost \u00eentrebat recent despre oportunitatea organiz\u0103rii alegerilor pentru primari \u00een dou\u0103 tururi de scrutin. El a subliniat c\u0103, \u00eenainte de a lua \u00een considerare acest aspect, ar trebui s\u0103 se discute o nou\u0103 variant\u0103 de organizare administrativ-teritorial\u0103 pentru Rom\u00e2nia. Gheorghe a propus o reform\u0103 care s\u0103 conduc\u0103 la dispari\u021bia [&hellip;]<\/p>\n","protected":false},"author":2,"featured_media":12762,"comment_status":"open","ping_status":"open","sticky":false,"template":"","format":"standard","meta":{"jnews-multi-image_gallery":[],"jnews_single_post":[],"jnews_primary_category":[],"jnews_override_counter":[],"footnotes":""},"categories":[42],"tags":[15551,946,15552,15554,14432,1991,15553,15550],"class_list":["post-12761","post","type-post","status-publish","format-standard","has-post-thumbnail","hentry","category-politica","tag-alegeri-primari","tag-banca-mondiala","tag-doua-tururi","tag-numar-parlamentari","tag-ong-uri","tag-reforma-administrativa","tag-structuri-administrative","tag-vlad-gheorghe"],"_links":{"self":[{"href":"https:\/\/www.newsrecorder.ro\/app\/wp-json\/wp\/v2\/posts\/12761","targetHints":{"allow":["GET"]}}],"collection":[{"href":"https:\/\/www.newsrecorder.ro\/app\/wp-json\/wp\/v2\/posts"}],"about":[{"href":"https:\/\/www.newsrecorder.ro\/app\/wp-json\/wp\/v2\/types\/post"}],"author":[{"embeddable":true,"href":"https:\/\/www.newsrecorder.ro\/app\/wp-json\/wp\/v2\/users\/2"}],"replies":[{"embeddable":true,"href":"https:\/\/www.newsrecorder.ro\/app\/wp-json\/wp\/v2\/comments?post=12761"}],"version-history":[{"count":0,"href":"https:\/\/www.newsrecorder.ro\/app\/wp-json\/wp\/v2\/posts\/12761\/revisions"}],"wp:featuredmedia":[{"embeddable":true,"href":"https:\/\/www.newsrecorder.ro\/app\/wp-json\/wp\/v2\/media\/12762"}],"wp:attachment":[{"href":"https:\/\/www.newsrecorder.ro\/app\/wp-json\/wp\/v2\/media?parent=12761"}],"wp:term":[{"taxonomy":"category","embeddable":true,"href":"https:\/\/www.newsrecorder.ro\/app\/wp-json\/wp\/v2\/categories?post=12761"},{"taxonomy":"post_tag","embeddable":true,"href":"https:\/\/www.newsrecorder.ro\/app\/wp-json\/wp\/v2\/tags?post=12761"}],"curies":[{"name":"wp","href":"https:\/\/api.w.org\/{rel}","templated":true}]}}