{"id":12765,"date":"2026-04-08T13:17:09","date_gmt":"2026-04-08T13:17:09","guid":{"rendered":"https:\/\/www.newsrecorder.ro\/app\/2026\/04\/08\/vlad-gheorghe-tensiuni-in-coalitie-guvernul-minoritar-ar-putea-fi-solutia\/"},"modified":"2026-04-08T13:17:09","modified_gmt":"2026-04-08T13:17:09","slug":"vlad-gheorghe-tensiuni-in-coalitie-guvernul-minoritar-ar-putea-fi-solutia","status":"publish","type":"post","link":"https:\/\/www.newsrecorder.ro\/app\/2026\/04\/08\/vlad-gheorghe-tensiuni-in-coalitie-guvernul-minoritar-ar-putea-fi-solutia\/","title":{"rendered":"Vlad Gheorghe: Tensiuni \u00een coali\u021bie \u2013 Guvernul minoritar ar putea fi solu\u021bia!"},"content":{"rendered":"<p>Vlad Gheorghe critic\u0103 atitudinea PSD, descriind-o ca fiind \u201etotal neproductiv\u0103\u201d. El subliniaz\u0103 c\u0103 acest tip de comportament a contribuit la o \u00eent\u00e2rziere inacceptabil\u0103 \u00een reac\u021bia Guvernului fa\u021b\u0103 de criza carburan\u021bilor. \u201eNe confrunt\u0103m cu o situa\u021bie de securitate \u0219i economic\u0103 extrem de complicat\u0103 la nivel global. \u00cen acest context, criza politic\u0103 pe care o travers\u0103m de mai bine de patru sau chiar cinci s\u0103pt\u0103m\u00e2ni nu aduce beneficii pentru nimeni. Coali\u021bia de guvernare, \u00een loc s\u0103 ia m\u0103suri, se angajeaz\u0103 \u00eentr-o disput\u0103 continu\u0103, am\u00e2n\u00e2nd deciziile esen\u021biale\u201d, a declarat Gheorghe.<\/p>\n<p>\u00centrebat despre posibilele scenarii \u00een cazul unei rupturi a coali\u021biei, consilierul onorific al premierului Ilie Bolojan a r\u0103spuns c\u0103 o astfel de retragere ar putea s\u0103 deschid\u0103 calea pentru ca PSD s\u0103 sus\u021bin\u0103 o mo\u021biune de cenzur\u0103 propus\u0103 de AUR. \u201eDac\u0103 pesedi\u0219tii nu mai au mini\u0219tri \u00een Guvern, putem l\u0103sa votul liber \u00een Parlament, av\u00e2nd \u00een vedere c\u0103 nu mai exist\u0103 un <a href=\"https:\/\/www.mediafax.ro\/politic\/marius-budai-unii-colegi-de-la-pnl-si-usr-au-descoperit-un-nou-pericol-pentru-romania-scaunele-din-guvern-ar-putea-fi-rearanjate-23716925\">Guvern<\/a> PSD. Exist\u0103 multe scenarii, acesta pare s\u0103 fie cel mai discutat \u00een aceast\u0103 perioad\u0103, dar nu ne ajut\u0103 cu nimic\u201d, a ad\u0103ugat el.<\/p>\n<p>C\u00e2nd a fost \u00eentrebat dac\u0103 o reform\u0103 real\u0103 a statului mai este posibil\u0103 \u00een actualul context, Gheorghe a r\u0103spuns: \u201eNu cred c\u0103 o reform\u0103 adev\u0103rat\u0103 mai este posibil\u0103, mai ales \u00een condi\u021biile \u00een care coali\u021bia este mai mult inexistent\u0103. Cu siguran\u021b\u0103, nu se va realiza nicio reform\u0103 real\u0103 dac\u0103 acest Guvern va c\u0103dea, deoarece urm\u0103toarea administra\u021bie va \u00een\u021belege c\u0103 nu trebuie s\u0103 \u00eencerce reforme pentru a-\u0219i p\u0103stra pozi\u021bia. Astfel, ne afl\u0103m \u00eentr-un blocaj \u00een privin\u021ba reformelor, iar perspectiva unui blocaj perpetuu p\u00e2n\u0103 \u00een 2028, la viitoarele alegeri, devine tot mai real\u0103.\u201d<\/p>\n<p>Totu\u0219i, consilierul onorific al premierului Ilie Bolojan sus\u021bine c\u0103 un posibil Guvern minoritar ar putea implementa anumite m\u0103suri. \u201eParadoxal, un a\u0219a-zis Guvern minoritar ar avea capacitatea de a ac\u021biona mai eficient \u00een privin\u021ba reformelor, deoarece nu ar mai fi sub presiunea politicii. Trebuie s\u0103 subliniem c\u0103 nu ne referim neap\u0103rat la un Guvern interimar, care nu poate lua m\u0103suri semnificative, ci la un Guvern minoritar care, \u00een forma sa actual\u0103, f\u0103r\u0103 anumi\u021bi mini\u0219tri, ar putea emite ordonan\u021be de urgen\u021b\u0103. Acest lucru ar putea permite o reform\u0103 administrativ\u0103, cum ar fi reducerea num\u0103rului de prim\u0103rii \u0219i consilieri locali \u0219i jude\u021beni la urm\u0103toarele alegeri, gener\u00e2nd economii semnificative la bugetul \u021b\u0103rii \u0219i pe lan\u021bul decizional. Cet\u0103\u021benii nu ar mai fi nevoi\u021bi s\u0103 interac\u021bioneze cu func\u021bionari de care nu au cu adev\u0103rat nevoie\u201d, a explicat el.<\/p>\n<p>\u00cen concluzie, Gheorghe afirm\u0103 c\u0103, de\u0219i exist\u0103 riscuri, un Guvern minoritar ar putea s\u0103 realizeze reforme serioase care nu au fost implementate p\u00e2n\u0103 acum. Totu\u0219i, el avertizeaz\u0103 c\u0103 Parlamentul ar putea bloca aceste reforme, av\u00e2nd astfel puterea de a constr\u00e2nge orice ac\u021biune legislativ\u0103, ceea ce ar permite unei puteri politice anti-reform\u0103 s\u0103 continue s\u0103 pun\u0103 obstacole \u00een calea progresului.<\/p>\n","protected":false},"excerpt":{"rendered":"<p>Vlad Gheorghe critic\u0103 atitudinea PSD, descriind-o ca fiind \u201etotal neproductiv\u0103\u201d. El subliniaz\u0103 c\u0103 acest tip de comportament a contribuit la o \u00eent\u00e2rziere inacceptabil\u0103 \u00een reac\u021bia Guvernului fa\u021b\u0103 de criza carburan\u021bilor. \u201eNe confrunt\u0103m cu o situa\u021bie de securitate \u0219i economic\u0103 extrem de complicat\u0103 la nivel global. \u00cen acest context, criza politic\u0103 pe care o travers\u0103m de [&hellip;]<\/p>\n","protected":false},"author":2,"featured_media":12766,"comment_status":"open","ping_status":"open","sticky":false,"template":"","format":"standard","meta":{"jnews-multi-image_gallery":[],"jnews_single_post":[],"jnews_primary_category":[],"jnews_override_counter":[],"footnotes":""},"categories":[42],"tags":[15556,3586,13396,301,12212,300,6026,15550],"class_list":["post-12765","post","type-post","status-publish","format-standard","has-post-thumbnail","hentry","category-politica","tag-auri","tag-coalitia-de-guvernare","tag-criza-carburantilor","tag-guvern","tag-motiune-de-cenzura","tag-psd","tag-securitate-economica","tag-vlad-gheorghe"],"_links":{"self":[{"href":"https:\/\/www.newsrecorder.ro\/app\/wp-json\/wp\/v2\/posts\/12765","targetHints":{"allow":["GET"]}}],"collection":[{"href":"https:\/\/www.newsrecorder.ro\/app\/wp-json\/wp\/v2\/posts"}],"about":[{"href":"https:\/\/www.newsrecorder.ro\/app\/wp-json\/wp\/v2\/types\/post"}],"author":[{"embeddable":true,"href":"https:\/\/www.newsrecorder.ro\/app\/wp-json\/wp\/v2\/users\/2"}],"replies":[{"embeddable":true,"href":"https:\/\/www.newsrecorder.ro\/app\/wp-json\/wp\/v2\/comments?post=12765"}],"version-history":[{"count":0,"href":"https:\/\/www.newsrecorder.ro\/app\/wp-json\/wp\/v2\/posts\/12765\/revisions"}],"wp:featuredmedia":[{"embeddable":true,"href":"https:\/\/www.newsrecorder.ro\/app\/wp-json\/wp\/v2\/media\/12766"}],"wp:attachment":[{"href":"https:\/\/www.newsrecorder.ro\/app\/wp-json\/wp\/v2\/media?parent=12765"}],"wp:term":[{"taxonomy":"category","embeddable":true,"href":"https:\/\/www.newsrecorder.ro\/app\/wp-json\/wp\/v2\/categories?post=12765"},{"taxonomy":"post_tag","embeddable":true,"href":"https:\/\/www.newsrecorder.ro\/app\/wp-json\/wp\/v2\/tags?post=12765"}],"curies":[{"name":"wp","href":"https:\/\/api.w.org\/{rel}","templated":true}]}}