{"id":12781,"date":"2026-04-08T14:05:00","date_gmt":"2026-04-08T14:05:00","guid":{"rendered":"https:\/\/www.newsrecorder.ro\/app\/2026\/04\/08\/linie-blocata-copac-cazut-opreste-trenurile-brasov-sighisoara\/"},"modified":"2026-04-08T14:05:00","modified_gmt":"2026-04-08T14:05:00","slug":"linie-blocata-copac-cazut-opreste-trenurile-brasov-sighisoara","status":"publish","type":"post","link":"https:\/\/www.newsrecorder.ro\/app\/2026\/04\/08\/linie-blocata-copac-cazut-opreste-trenurile-brasov-sighisoara\/","title":{"rendered":"Linie blocat\u0103: Copac c\u0103zut opre\u0219te trenurile Bra\u0219ov \u2013 Sighi\u0219oara!"},"content":{"rendered":"<p>CFR C\u0103l\u0103tori a informat c\u0103 traficul feroviar a fost suspendat \u00eentre localit\u0103\u021bile Augustin \u0219i Raco\u0219 din cauza c\u0103derii unui copac pe calea ferat\u0103. Acest incident a dus la \u00eentreruperea aliment\u0103rii cu energie electric\u0103 a firelor de contact, afect\u00e2nd astfel circula\u021bia trenurilor.<\/p>\n<p>P\u00e2n\u0103 c\u00e2nd echipele CFR SA vor remedia situa\u021bia, trenurile IR 531 care circul\u0103 pe ruta Bucure\u0219ti Nord \u2013 Cluj Napoca, 16021 Bucure\u0219ti Nord \u2013 Timi\u0219oara Nord, IR 1734 Cluj Napoca \u2013 Bucure\u0219ti Nord \u0219i R 3503 Bra\u0219ov \u2013 Media\u0219 vor r\u0103m\u00e2ne sta\u021bionate.<\/p>\n<p>Traficul \u00een zon\u0103 se desf\u0103\u0219oar\u0103 conform m\u0103surilor stabilite de managerul infrastructurii feroviare. Este important de men\u021bionat c\u0103, \u00een func\u021bie de momentul \u00een care va fi reluat traficul, pot ap\u0103rea \u00eent\u00e2rzieri \u0219i la alte trenuri care circul\u0103 pe sec\u021bia Bra\u0219ov \u2013 Sighi\u0219oara.<\/p>\n<p>C\u0103l\u0103torii sunt \u00eencuraja\u021bi s\u0103 ob\u021bin\u0103 informa\u021bii actualizate referitoare la circula\u021bia trenurilor prin intermediul serviciilor de informare oferite de CFR C\u0103l\u0103tori, precum \u0219i de la personalul din sta\u021bii.<\/p>\n","protected":false},"excerpt":{"rendered":"<p>CFR C\u0103l\u0103tori a informat c\u0103 traficul feroviar a fost suspendat \u00eentre localit\u0103\u021bile Augustin \u0219i Raco\u0219 din cauza c\u0103derii unui copac pe calea ferat\u0103. Acest incident a dus la \u00eentreruperea aliment\u0103rii cu energie electric\u0103 a firelor de contact, afect\u00e2nd astfel circula\u021bia trenurilor. P\u00e2n\u0103 c\u00e2nd echipele CFR SA vor remedia situa\u021bia, trenurile IR 531 care circul\u0103 pe [&hellip;]<\/p>\n","protected":false},"author":2,"featured_media":12782,"comment_status":"open","ping_status":"open","sticky":false,"template":"","format":"standard","meta":{"jnews-multi-image_gallery":[],"jnews_single_post":[],"jnews_primary_category":[],"jnews_override_counter":[],"footnotes":""},"categories":[39],"tags":[15581,4820,15579,530,15583,15582,15578,15580],"class_list":["post-12781","post","type-post","status-publish","format-standard","has-post-thumbnail","hentry","category-stirile-zilei","tag-bucuresti-cluj","tag-cfr-calatori","tag-copac-cazut","tag-energie-electrica","tag-informatii-circulatie","tag-intarzieri-trenuri","tag-trafic-feroviar","tag-trenuri-suspendate"],"_links":{"self":[{"href":"https:\/\/www.newsrecorder.ro\/app\/wp-json\/wp\/v2\/posts\/12781","targetHints":{"allow":["GET"]}}],"collection":[{"href":"https:\/\/www.newsrecorder.ro\/app\/wp-json\/wp\/v2\/posts"}],"about":[{"href":"https:\/\/www.newsrecorder.ro\/app\/wp-json\/wp\/v2\/types\/post"}],"author":[{"embeddable":true,"href":"https:\/\/www.newsrecorder.ro\/app\/wp-json\/wp\/v2\/users\/2"}],"replies":[{"embeddable":true,"href":"https:\/\/www.newsrecorder.ro\/app\/wp-json\/wp\/v2\/comments?post=12781"}],"version-history":[{"count":0,"href":"https:\/\/www.newsrecorder.ro\/app\/wp-json\/wp\/v2\/posts\/12781\/revisions"}],"wp:featuredmedia":[{"embeddable":true,"href":"https:\/\/www.newsrecorder.ro\/app\/wp-json\/wp\/v2\/media\/12782"}],"wp:attachment":[{"href":"https:\/\/www.newsrecorder.ro\/app\/wp-json\/wp\/v2\/media?parent=12781"}],"wp:term":[{"taxonomy":"category","embeddable":true,"href":"https:\/\/www.newsrecorder.ro\/app\/wp-json\/wp\/v2\/categories?post=12781"},{"taxonomy":"post_tag","embeddable":true,"href":"https:\/\/www.newsrecorder.ro\/app\/wp-json\/wp\/v2\/tags?post=12781"}],"curies":[{"name":"wp","href":"https:\/\/api.w.org\/{rel}","templated":true}]}}