{"id":12783,"date":"2026-04-08T14:05:20","date_gmt":"2026-04-08T14:05:20","guid":{"rendered":"https:\/\/www.newsrecorder.ro\/app\/2026\/04\/08\/oana-toiu-sanctiuni-internationale-si-discutii-militare-dupa-armistitiu\/"},"modified":"2026-04-08T14:05:20","modified_gmt":"2026-04-08T14:05:20","slug":"oana-toiu-sanctiuni-internationale-si-discutii-militare-dupa-armistitiu","status":"publish","type":"post","link":"https:\/\/www.newsrecorder.ro\/app\/2026\/04\/08\/oana-toiu-sanctiuni-internationale-si-discutii-militare-dupa-armistitiu\/","title":{"rendered":"Oana \u021aoiu: Sanc\u021biuni interna\u021bionale \u0219i discu\u021bii militare dup\u0103 armisti\u021biu!"},"content":{"rendered":"<p>Ini\u021biativa recent\u0103 are ca scop nu doar coordonarea sanc\u021biunilor menite s\u0103 aduc\u0103 Iranul la masa negocierilor, ci \u0219i stabilirea unor angajamente defensive pentru a asigura securitatea Str\u00e2mtorii Ormuz.<\/p>\n<p>Oana \u021aoiu, ministrul rom\u00e2n al Afacerilor Externe, a explicat miercuri, \u00eentr-o interven\u021bie la B1 TV, c\u0103 \u201esuntem \u00een prezent \u00eentr-un format similar Coali\u021biei de Voin\u021b\u0103, cu 40 de \u021b\u0103ri implicate \u00een aceste discu\u021bii. Formatul stabilit include coordonarea sanc\u021biunilor interna\u021bionale ca un instrument de presiune asupra Iranului, pentru a \u00eencuraja participarea acestuia la negocieri. De asemenea, discut\u0103m despre angajamente de natur\u0103 militar\u0103, dar ne ax\u0103m exclusiv pe m\u0103suri defensive, care s\u0103 asigure siguran\u021ba \u00een Str\u00e2mtoarea Ormuz, odat\u0103 ce conflictul armat se va \u00eencheia.\u201d<\/p>\n<p>Reducerea riscurilor de naviga\u021bie este un alt aspect important subliniat de ministru. Oana \u021aoiu a precizat c\u0103 m\u0103surile discutate vizeaz\u0103 diminuarea riscurilor de naviga\u021bie \u00een zon\u0103, ceea ce ar avea un impact pozitiv asupra costurilor de asigurare pentru transportul maritim.<\/p>\n<p>\u201eAcest lucru este esen\u021bial pentru a reduce costurile de asigurare, care se reflect\u0103 ulterior \u00een pre\u021bul petrolului, precum \u0219i \u00een cel al benzinei \u0219i motorinei. Ne concentr\u0103m pe dezvoltarea unor mecanisme comune care s\u0103 ajute la diminuarea acestor costuri. Indiferent de cum se va finaliza negocierea, riscul perceput pentru navigarea prin Str\u00e2mtoarea Ormuz va r\u0103m\u00e2ne ridicat \u00een urm\u0103toarele luni, poate chiar \u0219i peste un an, \u0219i este crucial s\u0103 ne coordon\u0103m pentru a reduce pre\u021burile asociate tranzitului prin aceast\u0103 zon\u0103\u201d, a ad\u0103ugat Oana \u021aoiu.<\/p>\n<p>\u00cen ceea ce prive\u0219te pozi\u021bia comun\u0103 fa\u021b\u0103 de Iran, ministrul a subliniat c\u0103 statele participante resping cu fermitate ideea impunerii unor taxe pentru tranzit sau a negocierilor bilaterale separate. \u201eUn aspect deosebit de important este sincronizarea interna\u021bional\u0103, astfel \u00eenc\u00e2t niciuna dintre \u021b\u0103ri s\u0103 nu accepte propuneri care includ taxe pentru trecere sau negocieri distincte cu fiecare \u021bar\u0103. Trebuie s\u0103 ne \u00eentoarcem la principiile fundamentale ale dreptului interna\u021bional, care stipuleaz\u0103 libera trecere prin str\u00e2mtoare, f\u0103r\u0103 taxe suplimentare sau negocieri diferen\u021biate\u201d, a afirmat ministrul rom\u00e2n.<\/p>\n<p>Oana \u021aoiu a men\u021bionat c\u0103 armisti\u021biul actual reprezint\u0103 o m\u0103sur\u0103 temporar\u0103 menit\u0103 s\u0103 faciliteze continuarea negocierilor. \u201eAvem un acord temporar, care prevede o \u00eencetare temporar\u0103 a focului, astfel \u00eenc\u00e2t negociatorii s\u0103 poat\u0103 ajunge la un acord sustenabil, care s\u0103 reziste \u00een timp. Urm\u0103toarea \u00eent\u00e2lnire este programat\u0103 pentru 10 aprilie. Partenerii no\u0219tri din Statele Unite \u0219i cei din Orientul Mijlociu sunt con\u0219tien\u021bi de disponibilitatea Rom\u00e2niei \u0219i a Uniunii Europene de a contribui la acest efort\u201d, a concluzionat Oana \u021aoiu. <\/p>\n","protected":false},"excerpt":{"rendered":"<p>Ini\u021biativa recent\u0103 are ca scop nu doar coordonarea sanc\u021biunilor menite s\u0103 aduc\u0103 Iranul la masa negocierilor, ci \u0219i stabilirea unor angajamente defensive pentru a asigura securitatea Str\u00e2mtorii Ormuz. Oana \u021aoiu, ministrul rom\u00e2n al Afacerilor Externe, a explicat miercuri, \u00eentr-o interven\u021bie la B1 TV, c\u0103 \u201esuntem \u00een prezent \u00eentr-un format similar Coali\u021biei de Voin\u021b\u0103, cu 40 [&hellip;]<\/p>\n","protected":false},"author":2,"featured_media":12784,"comment_status":"open","ping_status":"open","sticky":false,"template":"","format":"standard","meta":{"jnews-multi-image_gallery":[],"jnews_single_post":[],"jnews_primary_category":[],"jnews_override_counter":[],"footnotes":""},"categories":[39],"tags":[15584,913,8875,686,15585,86,874,8772],"class_list":["post-12783","post","type-post","status-publish","format-standard","has-post-thumbnail","hentry","category-stirile-zilei","tag-angajamente-militare","tag-iran","tag-masuri-defensive","tag-negocieri","tag-risc-de-navigatie","tag-sanctiuni","tag-securitate","tag-stramtoarea-ormuz"],"_links":{"self":[{"href":"https:\/\/www.newsrecorder.ro\/app\/wp-json\/wp\/v2\/posts\/12783","targetHints":{"allow":["GET"]}}],"collection":[{"href":"https:\/\/www.newsrecorder.ro\/app\/wp-json\/wp\/v2\/posts"}],"about":[{"href":"https:\/\/www.newsrecorder.ro\/app\/wp-json\/wp\/v2\/types\/post"}],"author":[{"embeddable":true,"href":"https:\/\/www.newsrecorder.ro\/app\/wp-json\/wp\/v2\/users\/2"}],"replies":[{"embeddable":true,"href":"https:\/\/www.newsrecorder.ro\/app\/wp-json\/wp\/v2\/comments?post=12783"}],"version-history":[{"count":0,"href":"https:\/\/www.newsrecorder.ro\/app\/wp-json\/wp\/v2\/posts\/12783\/revisions"}],"wp:featuredmedia":[{"embeddable":true,"href":"https:\/\/www.newsrecorder.ro\/app\/wp-json\/wp\/v2\/media\/12784"}],"wp:attachment":[{"href":"https:\/\/www.newsrecorder.ro\/app\/wp-json\/wp\/v2\/media?parent=12783"}],"wp:term":[{"taxonomy":"category","embeddable":true,"href":"https:\/\/www.newsrecorder.ro\/app\/wp-json\/wp\/v2\/categories?post=12783"},{"taxonomy":"post_tag","embeddable":true,"href":"https:\/\/www.newsrecorder.ro\/app\/wp-json\/wp\/v2\/tags?post=12783"}],"curies":[{"name":"wp","href":"https:\/\/api.w.org\/{rel}","templated":true}]}}