{"id":12793,"date":"2026-04-08T14:33:39","date_gmt":"2026-04-08T14:33:39","guid":{"rendered":"https:\/\/www.newsrecorder.ro\/app\/2026\/04\/08\/mircea-lucescu-sicriul-sau-a-fost-adus-la-arena-nationala\/"},"modified":"2026-04-08T14:33:39","modified_gmt":"2026-04-08T14:33:39","slug":"mircea-lucescu-sicriul-sau-a-fost-adus-la-arena-nationala","status":"publish","type":"post","link":"https:\/\/www.newsrecorder.ro\/app\/2026\/04\/08\/mircea-lucescu-sicriul-sau-a-fost-adus-la-arena-nationala\/","title":{"rendered":"Mircea Lucescu: Sicriul s\u0103u a fost adus la Arena Na\u021bional\u0103"},"content":{"rendered":"<p>Sicriul ce con\u021bine trupul lui Mircea Lucescu a fost adus la Arena Na\u021bional\u0103 la ora 16:10, marc\u00e2nd \u00eenceputul unui moment emo\u021bionant pentru sus\u021bin\u0103torii s\u0103i.<\/p>\n<p>Publicul va avea ocazia s\u0103 \u00ee\u0219i exprime omagiul \u0219i s\u0103 ofere un ultim r\u0103mas bun \u00eencep\u00e2nd cu ora 17:00.<\/p>\n<p>Prima slujb\u0103 de priveghi este programat\u0103 pentru ora 18:00, oferind astfel o oportunitate solemn\u0103 pentru cei care l-au admirat pe marele antrenor.<\/p>\n<p>\u00cen plus, suporterii \u0219i admiratorii vor putea veni s\u0103 se reculeag\u0103 pe parcursul zilei de joi, \u00eentre orele 10:00 \u0219i 20:00, pentru a-i aduce un ultim omagiu.<\/p>\n<p>Vineri, cortegiul funerar se va \u00eendrepta spre Biserica Sf\u00e2ntul Elefterie, unde slujba de \u00eenmorm\u00e2ntare va \u00eencepe la ora 10:00.<\/p>\n<p>Ultima etap\u0103 a ceremoniei funerare se va desf\u0103\u0219ura la Cimitirul Bellu, \u00eencep\u00e2nd cu ora 12:20. \u00cenmorm\u00e2ntarea va avea loc la ora 13:10, fiind onorat\u0103 cu ceremonii militare. Participarea la acest moment solemn va fi restric\u021bionat\u0103 la membri ai familiei \u0219i invita\u021bi apropia\u021bi.<\/p>\n","protected":false},"excerpt":{"rendered":"<p>Sicriul ce con\u021bine trupul lui Mircea Lucescu a fost adus la Arena Na\u021bional\u0103 la ora 16:10, marc\u00e2nd \u00eenceputul unui moment emo\u021bionant pentru sus\u021bin\u0103torii s\u0103i. Publicul va avea ocazia s\u0103 \u00ee\u0219i exprime omagiul \u0219i s\u0103 ofere un ultim r\u0103mas bun \u00eencep\u00e2nd cu ora 17:00. Prima slujb\u0103 de priveghi este programat\u0103 pentru ora 18:00, oferind astfel o [&hellip;]<\/p>\n","protected":false},"author":2,"featured_media":12794,"comment_status":"open","ping_status":"open","sticky":false,"template":"","format":"standard","meta":{"jnews-multi-image_gallery":[],"jnews_single_post":[],"jnews_primary_category":[],"jnews_override_counter":[],"footnotes":""},"categories":[39],"tags":[15523,14982,10513,9166,2528,2076,15604,15603],"class_list":["post-12793","post","type-post","status-publish","format-standard","has-post-thumbnail","hentry","category-stirile-zilei","tag-biserica-sfantul-elefterie","tag-cimitirul-bellu","tag-cortegiu-funerar","tag-inmormantare","tag-mircea-lucescu","tag-omagiu","tag-priveghi","tag-sicriu"],"_links":{"self":[{"href":"https:\/\/www.newsrecorder.ro\/app\/wp-json\/wp\/v2\/posts\/12793","targetHints":{"allow":["GET"]}}],"collection":[{"href":"https:\/\/www.newsrecorder.ro\/app\/wp-json\/wp\/v2\/posts"}],"about":[{"href":"https:\/\/www.newsrecorder.ro\/app\/wp-json\/wp\/v2\/types\/post"}],"author":[{"embeddable":true,"href":"https:\/\/www.newsrecorder.ro\/app\/wp-json\/wp\/v2\/users\/2"}],"replies":[{"embeddable":true,"href":"https:\/\/www.newsrecorder.ro\/app\/wp-json\/wp\/v2\/comments?post=12793"}],"version-history":[{"count":0,"href":"https:\/\/www.newsrecorder.ro\/app\/wp-json\/wp\/v2\/posts\/12793\/revisions"}],"wp:featuredmedia":[{"embeddable":true,"href":"https:\/\/www.newsrecorder.ro\/app\/wp-json\/wp\/v2\/media\/12794"}],"wp:attachment":[{"href":"https:\/\/www.newsrecorder.ro\/app\/wp-json\/wp\/v2\/media?parent=12793"}],"wp:term":[{"taxonomy":"category","embeddable":true,"href":"https:\/\/www.newsrecorder.ro\/app\/wp-json\/wp\/v2\/categories?post=12793"},{"taxonomy":"post_tag","embeddable":true,"href":"https:\/\/www.newsrecorder.ro\/app\/wp-json\/wp\/v2\/tags?post=12793"}],"curies":[{"name":"wp","href":"https:\/\/api.w.org\/{rel}","templated":true}]}}