{"id":12841,"date":"2026-04-08T23:42:33","date_gmt":"2026-04-08T23:42:33","guid":{"rendered":"https:\/\/www.newsrecorder.ro\/app\/2026\/04\/08\/tisza-pe-cale-sa-obtina-supermajoritatea-in-parlamentul-ungariei\/"},"modified":"2026-04-08T23:42:33","modified_gmt":"2026-04-08T23:42:33","slug":"tisza-pe-cale-sa-obtina-supermajoritatea-in-parlamentul-ungariei","status":"publish","type":"post","link":"https:\/\/www.newsrecorder.ro\/app\/2026\/04\/08\/tisza-pe-cale-sa-obtina-supermajoritatea-in-parlamentul-ungariei\/","title":{"rendered":"Tisza pe cale s\u0103 ob\u021bin\u0103 supermajoritatea \u00een Parlamentul Ungariei!"},"content":{"rendered":"<p>Conform unei analize realizate de institutul de sondare Median, Partidul Tisza, sub conducerea lui Peter Magyar, se preconizeaz\u0103 c\u0103 va c\u00e2\u0219tiga \u00eentre 138 \u0219i 142 de mandate din cele 199 disponibile. Aceasta reprezint\u0103 o dep\u0103\u0219ire semnificativ\u0103 a pragului de 133 de locuri necesar pentru a ob\u021bine o supermajoritate \u00een parlament, conform informa\u021biilor publicate de <a style=\"color: #0000ff\" href=\"https:\/\/www.reuters.com\/world\/hungarys-tisza-party-seen-winning-two-thirds-majority-parliament-median-2026-04-08\/\">Reuters<\/a>.<\/p>\n<p>\u00cen contrast, partidul premierului Viktor Orban, Fidesz, este estimat s\u0103 ob\u021bin\u0103 \u00eentre 49 \u0219i 55 de mandate. De asemenea, forma\u021biunea de extrem\u0103 dreapta, \u201ePatria Noastr\u0103\u201d, se preconizeaz\u0103 c\u0103 va avea \u00eentre 5 \u0219i 6 locuri \u00een parlament.<\/p>\n<p>Atingerea unei majorit\u0103\u021bi de dou\u0103 treimi este crucial\u0103, deoarece aceasta permite modificarea at\u00e2t a constitu\u021biei, c\u00e2t \u0219i a legilor. Fidesz a beneficiat de astfel de majorit\u0103\u021bi pe parcursul majorit\u0103\u021bii timpului \u00een care s-a aflat la guvernare, din 2010 \u00eencoace.<\/p>\n<p>Institutul Median, recunoscut ca unul dintre cele mai precise institute de sondare din Ungaria, a realizat aceast\u0103 proiec\u021bie baz\u00e2ndu-se pe cinci sondaje de opinie efectuate \u00een lunile februarie \u0219i martie, la care au participat aproximativ cinci mii de persoane.<\/p>\n","protected":false},"excerpt":{"rendered":"<p>Conform unei analize realizate de institutul de sondare Median, Partidul Tisza, sub conducerea lui Peter Magyar, se preconizeaz\u0103 c\u0103 va c\u00e2\u0219tiga \u00eentre 138 \u0219i 142 de mandate din cele 199 disponibile. Aceasta reprezint\u0103 o dep\u0103\u0219ire semnificativ\u0103 a pragului de 133 de locuri necesar pentru a ob\u021bine o supermajoritate \u00een parlament, conform informa\u021biilor publicate de Reuters. [&hellip;]<\/p>\n","protected":false},"author":2,"featured_media":12842,"comment_status":"open","ping_status":"open","sticky":false,"template":"","format":"standard","meta":{"jnews-multi-image_gallery":[],"jnews_single_post":[],"jnews_primary_category":[],"jnews_override_counter":[],"footnotes":""},"categories":[41],"tags":[6581,4611,15627,444,5193,4748,1340,15626],"class_list":["post-12841","post","type-post","status-publish","format-standard","has-post-thumbnail","hentry","category-externe","tag-extrema-dreapta","tag-fidesz","tag-institutul-median","tag-parlament","tag-partidul-tisza","tag-peter-magyar","tag-sondaje","tag-supermajoritate"],"_links":{"self":[{"href":"https:\/\/www.newsrecorder.ro\/app\/wp-json\/wp\/v2\/posts\/12841","targetHints":{"allow":["GET"]}}],"collection":[{"href":"https:\/\/www.newsrecorder.ro\/app\/wp-json\/wp\/v2\/posts"}],"about":[{"href":"https:\/\/www.newsrecorder.ro\/app\/wp-json\/wp\/v2\/types\/post"}],"author":[{"embeddable":true,"href":"https:\/\/www.newsrecorder.ro\/app\/wp-json\/wp\/v2\/users\/2"}],"replies":[{"embeddable":true,"href":"https:\/\/www.newsrecorder.ro\/app\/wp-json\/wp\/v2\/comments?post=12841"}],"version-history":[{"count":0,"href":"https:\/\/www.newsrecorder.ro\/app\/wp-json\/wp\/v2\/posts\/12841\/revisions"}],"wp:featuredmedia":[{"embeddable":true,"href":"https:\/\/www.newsrecorder.ro\/app\/wp-json\/wp\/v2\/media\/12842"}],"wp:attachment":[{"href":"https:\/\/www.newsrecorder.ro\/app\/wp-json\/wp\/v2\/media?parent=12841"}],"wp:term":[{"taxonomy":"category","embeddable":true,"href":"https:\/\/www.newsrecorder.ro\/app\/wp-json\/wp\/v2\/categories?post=12841"},{"taxonomy":"post_tag","embeddable":true,"href":"https:\/\/www.newsrecorder.ro\/app\/wp-json\/wp\/v2\/tags?post=12841"}],"curies":[{"name":"wp","href":"https:\/\/api.w.org\/{rel}","templated":true}]}}